{"id":53400,"date":"2025-12-22T13:45:35","date_gmt":"2025-12-22T13:45:35","guid":{"rendered":"https:\/\/247stiri.ro\/index.php\/2025\/12\/22\/ministrul-educatiei-cumulul-pensie-salariu-platit-din-fonduri-publice-nu-este-interzis-in-educatie-si-cercetare\/"},"modified":"2025-12-22T13:45:35","modified_gmt":"2025-12-22T13:45:35","slug":"ministrul-educatiei-cumulul-pensie-salariu-platit-din-fonduri-publice-nu-este-interzis-in-educatie-si-cercetare","status":"publish","type":"post","link":"https:\/\/247stiri.ro\/index.php\/2025\/12\/22\/ministrul-educatiei-cumulul-pensie-salariu-platit-din-fonduri-publice-nu-este-interzis-in-educatie-si-cercetare\/","title":{"rendered":"Ministrul Educa\u021biei: Cumulul pensie &#8211; salariu pl\u0103tit din fonduri publice nu este interzis \u00een educa\u021bie \u0219i cercetare"},"content":{"rendered":"<p>M\u0103sura vine prin suspendarea unei prevederi legale restrictive, la solicitarea ministrului Daniel David. Anun\u021bul r\u0103spunde nevoilor specifice ale sistemului educa\u021bional.<\/p>\n<p>Prin Ordonan\u021ba de Urgen\u021b\u0103 nr. 84\/2025, care modific\u0103 Legea nr. 95\/2006 \u0219i a fost publicat\u0103 recent \u00een Monitorul Oficial, se suspend\u0103 aplicarea art. 38 alin. (10) din Legea-cadru nr. 153\/2017 p\u00e2n\u0103 la 31 decembrie 2026. Aceasta permite cumulul \u00een educa\u021bie \u0219i cercetare, satisf\u0103c\u00e2nd cerin\u021bele domeniilor afectate de lipsa personalului.<\/p>\n<p>\u201eAm solicitat acest lucru \u00eenc\u0103 din vara anului 2025, deoarece are implica\u021bii majore pentru sistemul de educa\u021bie-cercetare \u0219i m\u0103 bucur c\u0103 acest element a fost luat \u00een calcul \u00een decizia Guvernului, implica\u021biile fiind importante \u0219i pentru alte sisteme bugetare majore (exemplu: s\u0103n\u0103tate)\u201d, a declarat ministrul Daniel David, potrivit unui comunicat remis presei.<\/p>\n<p>Daniel David a cerut aceast\u0103 excep\u021bie \u00eenc\u0103 din vara lui 2025, subliniind impactul major asupra educa\u021biei \u0219i cercet\u0103rii. El s-a bucurat de decizia Guvernului, not\u00e2nd c\u0103 efectele se resimt \u0219i \u00een alte sectoare bugetare precum s\u0103n\u0103tatea.<\/p>\n<p>Prevederea fusese introdus\u0103 anterior, gener\u00e2nd controverse \u0219i suspend\u0103ri temporare, dar ministrul a pledat constant pentru men\u021binerea profesorilor pensionari la catedr\u0103, esen\u021biali pentru acoperirea orelor.<\/p>","protected":false},"excerpt":{"rendered":"<p>M\u0103sura vine prin suspendarea unei prevederi legale restrictive, la solicitarea ministrului Daniel David. Anun\u021bul r\u0103spunde&hellip;<\/p>\n","protected":false},"author":0,"featured_media":53399,"comment_status":"open","ping_status":"open","sticky":false,"template":"","format":"standard","meta":{"footnotes":""},"categories":[2],"tags":[],"class_list":["post-53400","post","type-post","status-publish","format-standard","has-post-thumbnail","hentry","category-actual"],"_links":{"self":[{"href":"https:\/\/247stiri.ro\/index.php\/wp-json\/wp\/v2\/posts\/53400","targetHints":{"allow":["GET"]}}],"collection":[{"href":"https:\/\/247stiri.ro\/index.php\/wp-json\/wp\/v2\/posts"}],"about":[{"href":"https:\/\/247stiri.ro\/index.php\/wp-json\/wp\/v2\/types\/post"}],"replies":[{"embeddable":true,"href":"https:\/\/247stiri.ro\/index.php\/wp-json\/wp\/v2\/comments?post=53400"}],"version-history":[{"count":0,"href":"https:\/\/247stiri.ro\/index.php\/wp-json\/wp\/v2\/posts\/53400\/revisions"}],"wp:featuredmedia":[{"embeddable":true,"href":"https:\/\/247stiri.ro\/index.php\/wp-json\/wp\/v2\/media\/53399"}],"wp:attachment":[{"href":"https:\/\/247stiri.ro\/index.php\/wp-json\/wp\/v2\/media?parent=53400"}],"wp:term":[{"taxonomy":"category","embeddable":true,"href":"https:\/\/247stiri.ro\/index.php\/wp-json\/wp\/v2\/categories?post=53400"},{"taxonomy":"post_tag","embeddable":true,"href":"https:\/\/247stiri.ro\/index.php\/wp-json\/wp\/v2\/tags?post=53400"}],"curies":[{"name":"wp","href":"https:\/\/api.w.org\/{rel}","templated":true}]}}