{"id":53421,"date":"2025-12-22T14:44:58","date_gmt":"2025-12-22T14:44:58","guid":{"rendered":"https:\/\/247stiri.ro\/index.php\/2025\/12\/22\/george-simion-atac-dur-la-adresa-usr-rezistii-vor-sa-controleze-justitia-cu-coldea-la-butoane\/"},"modified":"2025-12-22T14:44:58","modified_gmt":"2025-12-22T14:44:58","slug":"george-simion-atac-dur-la-adresa-usr-rezistii-vor-sa-controleze-justitia-cu-coldea-la-butoane","status":"publish","type":"post","link":"https:\/\/247stiri.ro\/index.php\/2025\/12\/22\/george-simion-atac-dur-la-adresa-usr-rezistii-vor-sa-controleze-justitia-cu-coldea-la-butoane\/","title":{"rendered":"George Simion, atac dur la adresa USR: \u201dRezi\u0219tii vor s\u0103 controleze justi\u021bia cu Coldea la butoane\u201d"},"content":{"rendered":"<p>\u201dUSR-ul ast\u0103zi nu voteaz\u0103 mo\u021biunea contra ministrului Justi\u021biei al PSD \u0219i al USR. USR-ul este la Guvernare cu PSD-ul, iar PSD-ul este la guvernare cu USR-ul. O s\u0103 o repet: USR-ul este la Guvernare cu PSD-ul, iar PSD-ul este la guvernare cu USR-ul.<\/p>\n<p>A\u0219a c\u0103 domnul Grindeanu, care se plimba pe aici, s\u0103 \u00eenceteze s\u0103 fac\u0103 baletul \u0103sta \u0219i s\u0103 se decid\u0103 dac\u0103 este ori la putere, ori la opozi\u021bie!<\/p>\n<p>USR-ul, dragii mei rezi\u0219ti, este la Guvernare cu PSD-ul, iar PSD-ul este la guvernare cu USR-ul. Cu cine este la guvernare USR-ul? \u0218i cu cine este la guvernare PSD-ul? Hai b\u0103ie\u021bii de la USR, m\u00e2nu\u021bele alea galbene s\u0103 le vedem sus \u0219i s\u0103 explica\u021bi sus\u021bin\u0103torilor vo\u0219tri de ce nu vota\u021bi voi <a href=\"https:\/\/www.realitatea.net\/stiri\/actual\/soarta-ministrului-justitiei-atarna-de-votul-motiunii-simple-depuse-de-aur-in-camera-deputatilor_6948ede9db8a976d4b7aa692\" target=\"_blank\">mo\u021biunea simpl\u0103 \u00eempotriva ministrului Justi\u021biei al PSD<\/a>.\u00a0<\/p>\n<p>Toat\u0103 lumea m\u00e2nu\u021bele sus, facem o coregrafie cu Declic \u0219i cu Funky Citizens \u00eempotriva justi\u021biei, pentru c\u0103 tot acest circ f\u0103cut \u00een ultimele trei s\u0103pt\u0103m\u00e2ni de voi a fost, de fapt, un teatru ieftin pentru cine controleaz\u0103 justi\u021bia, care grupare mai corupt\u0103 controleaz\u0103 justi\u021bia \u0219i se revine la culoarele din instan\u021be, f\u0103r\u0103 ca cineva s\u0103 se g\u00e2ndeasc\u0103 c\u0103 pe l\u00e2ng\u0103 tema legitim\u0103 a prescrip\u021biei \u0219i a felului \u00een care scap\u0103 corup\u021bi criminali, de asemenea, mai avem cet\u0103\u021benii care, la fel, se r\u0103t\u0103cesc pe l\u00e2ng\u0103 instan\u021be, prin ni\u0219te culoare, \u0219i nu \u00ee\u0219i g\u0103sesc dreptatea \u00een instan\u021bele din Rom\u00e2nia.\u00a0<\/p>\n<p>Pentru celeritate nu a\u021bi f\u0103cut nimic, pentru predictibilitate nu a\u021bi f\u0103cut nimic, \u0219i singura solu\u021bie la care trebuia s\u0103 lucra\u021bi \u0219i voi, USR-ul, care sunte\u021bi la guvernare cu cine? Cu PSD-ul!<\/p>\n<p>A\u021bi fost \u0219i a\u021bi condus justi\u021bia voi PSD-ul cu USR-ul, putea\u021bi s\u0103 face\u021bi o tactic\u0103 unitar\u0103, domnule ministru. Putea\u021bi s\u0103 veni\u021bi cu un proiect, a\u0219a cum noi cerem \u0219i cum l-am depus ast\u0103zi pentru r\u0103spunderea magistra\u021bilor.\u00a0<\/p>\n<p>Am depus un proiect legislativ pentru r\u0103spunderea magistra\u021bilor, a\u0219a c\u0103 dac\u0103 vre\u021bi s\u0103 vorbim despre ap\u0103rarea justi\u021biei \u0219i ap\u0103rarea cet\u0103\u021benilor, face\u021bi ce trebuie, nu circ cu m\u00e2nu\u021bele sus, cum a\u021bi f\u0103cut \u0219i \u00een 2022, c\u00e2nd noi, AUR, v-am avertizat c\u0103 noile legi ale justi\u021biei \u0219tirbesc suveranitatea na\u021bional\u0103 \u0219i noile legi ale justi\u021biei sunt d\u0103un\u0103toare.\u00a0<\/p>\n<p>V-a\u021bi trezit dup\u0103 3 ani, c\u00e2nd trebuie s\u0103 v\u0103 pune\u021bi \u0219efii la Parchete \u0219i \u0219efii la servicii c\u0103 nu sunt bune acele legi din justi\u021bie.\u00a0<\/p>\n<p>A\u0219a c\u0103 mesajul \u0103sta este pentru sus\u021bin\u0103torii USR, care sunt mai capabili dec\u00e2t parlamentarii USR: ast\u0103zi, USR-ul, care este la guvernare cu PSD, nu voteaz\u0103 contra ministrului Justi\u021biei. M\u0103\u0219tile au c\u0103zut, ace\u0219ti circari de doi lei nu vor independen\u021ba justi\u021biei, vor s\u0103 controleze justi\u021bia, eventual cu domnul Coldea la butoanele coridoarelor\u201d, a declarat George Simion, \u00een plenul Parlamentului.\u00a0<\/p>\n<p>MATERIAL PUBLICITAR POLITICPARTIDUL ALIAN\u021aA PENTRU UNIREA ROMANILOR (AUR)Notificare\u00a0privind\u00a0transparen\u021ba\u00a0la\u00a0<a href=\"https:\/\/www.realitatea.net\/notificare-transparenta-publicitate-politica\">https:\/\/www.realitatea.net\/notificare-transparenta-publicitate-politica<\/a><\/p>","protected":false},"excerpt":{"rendered":"<p>\u201dUSR-ul ast\u0103zi nu voteaz\u0103 mo\u021biunea contra ministrului Justi\u021biei al PSD \u0219i al USR. USR-ul este&hellip;<\/p>\n","protected":false},"author":0,"featured_media":53417,"comment_status":"open","ping_status":"open","sticky":false,"template":"","format":"standard","meta":{"footnotes":""},"categories":[2],"tags":[],"class_list":["post-53421","post","type-post","status-publish","format-standard","has-post-thumbnail","hentry","category-actual"],"_links":{"self":[{"href":"https:\/\/247stiri.ro\/index.php\/wp-json\/wp\/v2\/posts\/53421","targetHints":{"allow":["GET"]}}],"collection":[{"href":"https:\/\/247stiri.ro\/index.php\/wp-json\/wp\/v2\/posts"}],"about":[{"href":"https:\/\/247stiri.ro\/index.php\/wp-json\/wp\/v2\/types\/post"}],"replies":[{"embeddable":true,"href":"https:\/\/247stiri.ro\/index.php\/wp-json\/wp\/v2\/comments?post=53421"}],"version-history":[{"count":0,"href":"https:\/\/247stiri.ro\/index.php\/wp-json\/wp\/v2\/posts\/53421\/revisions"}],"wp:featuredmedia":[{"embeddable":true,"href":"https:\/\/247stiri.ro\/index.php\/wp-json\/wp\/v2\/media\/53417"}],"wp:attachment":[{"href":"https:\/\/247stiri.ro\/index.php\/wp-json\/wp\/v2\/media?parent=53421"}],"wp:term":[{"taxonomy":"category","embeddable":true,"href":"https:\/\/247stiri.ro\/index.php\/wp-json\/wp\/v2\/categories?post=53421"},{"taxonomy":"post_tag","embeddable":true,"href":"https:\/\/247stiri.ro\/index.php\/wp-json\/wp\/v2\/tags?post=53421"}],"curies":[{"name":"wp","href":"https:\/\/api.w.org\/{rel}","templated":true}]}}