{"id":53426,"date":"2025-12-22T14:45:00","date_gmt":"2025-12-22T14:45:00","guid":{"rendered":"https:\/\/247stiri.ro\/index.php\/2025\/12\/22\/danemarca-il-cheama-pe-ambasadorul-sua-la-explicatii-dupa-ce-trump-a-anuntat-numirea-unui-trimis-special-pentru-groenlanda\/"},"modified":"2025-12-22T14:45:00","modified_gmt":"2025-12-22T14:45:00","slug":"danemarca-il-cheama-pe-ambasadorul-sua-la-explicatii-dupa-ce-trump-a-anuntat-numirea-unui-trimis-special-pentru-groenlanda","status":"publish","type":"post","link":"https:\/\/247stiri.ro\/index.php\/2025\/12\/22\/danemarca-il-cheama-pe-ambasadorul-sua-la-explicatii-dupa-ce-trump-a-anuntat-numirea-unui-trimis-special-pentru-groenlanda\/","title":{"rendered":"Danemarca \u00eel cheam\u0103 pe ambasadorul SUA la explica\u021bii dup\u0103 ce Trump a anun\u021bat numirea unui trimis special pentru Groenlanda"},"content":{"rendered":"<p>&#8222;Sunt profund indignat de aceast\u0103 numire \u0219i de aceast\u0103 declara\u021bie, pe care le consider total inacceptabile&#8221;, a declarat ministrul de externe danez, Lars Lokke Rasmussen, pentru postul TV2 Danemarca.El a ad\u0103ugat c\u0103 ministerul s\u0103u \u00eel va convoca pe ambasadorul SUA \u00een urm\u0103toarele zile &#8222;pentru a ob\u021bine explica\u021bii&#8221;.Numirea unui trimis special &#8222;confirm\u0103 interesul continuu al SUA pentru Groenlanda&#8221;, declarase anterior Rasmussen \u00eentr-un comunicat de pres\u0103 trimis prin e-mail c\u0103tre AFP.&#8221;Cu toate acestea, insist\u0103m ca toat\u0103 lumea, inclusiv Statele Unite, s\u0103 arate respect pentru integritatea teritorial\u0103 a Regatului Danemarcei&#8221;, a ad\u0103ugat el.Pre\u0219edintele american Donald Trump a anun\u021bat duminic\u0103 numirea guvernatorului statului Louisiana, Jeff Landry, un republican, \u00een func\u021bia de trimis special al Statelor Unite pentru Groenlanda, un vast teritoriu autonom danez r\u00e2vnit de Washington.<\/p>\n<p>&#8222;Am pl\u0103cerea s\u0103 anun\u021b c\u0103 \u00eel numesc pe marele guvernator al Louisianei, Jeff Landry, \u00een func\u021bia de trimis special al Statelor Unite \u00een Groenlanda&#8221;, a declarat Trump pe re\u021beaua sa Truth Social.&#8221;Jeff \u00een\u021belege c\u00e2t de important\u0103 este Groenlanda pentru securitatea noastr\u0103 na\u021bional\u0103 \u0219i va ap\u0103ra cu t\u0103rie interesele \u021b\u0103rii noastre pentru siguran\u021ba, securitatea \u0219i supravie\u021buirea alia\u021bilor no\u0219tri \u0219i, de fapt, a \u00eentregii lumi. Felicit\u0103ri, Jeff!&#8221;, a scris Donald Trump.Dup\u0103 ce a fost reales, pre\u0219edintele american a explicat c\u0103 &#8222;are nevoie&#8221; de Groenlanda, \u00een special pentru securitatea Statelor Unite, afirm\u00e2ndu-\u0219i \u00een repetate r\u00e2nduri dorin\u021ba de a o cuceri, scrie Agerpres.Groenlanda, cu cei 57.000 de locuitori ai s\u0103i, sus\u021binut\u0103 de puterea sa administrativ\u0103, a replicat c\u0103 nu este de v\u00e2nzare \u0219i c\u0103 \u00ee\u0219i va decide singur\u0103 viitorul.\u00centr-un mesaj postat duminic\u0103 pe contul s\u0103u de X, Jeff Landry i-a mul\u021bumit lui Trump. &#8222;Este o onoare s\u0103 \u00eendeplinesc aceast\u0103 func\u021bie pro bono pentru a face din Groenlanda o parte a Statelor Unite&#8221;, a scris el, \u00eenainte de a clarifica faptul c\u0103 numirea sa &#8222;nu \u00eei afecteaz\u0103 \u00een niciun fel&#8221; atribu\u021biile de guvernator al Louisianei.<\/p>\n<p><a title='Escaladare a tensiunilor in Caraibe. Donald Trump a declarat spatiul aerian al Venezuelei ,,inchis in intregime\"' href=\"https:\/\/www.realitatea.net\/stiri\/actual\/escaladare-a-tensiunilor-in-caraibe-donald-trump-a-declarat-spatiul-aerian-al-venezuelei-inchis-in-intregime_692b1f67b2c970270356c5f4\">Escaladare a tensiunilor \u00een Caraibe. Donald Trump a declarat spa\u021biul aerian al Venezuelei \u201e\u00eenchis \u00een \u00eentregime\u201d<\/a>La \u00eenceputul acestui an, Jeff Landry l\u0103udase inten\u021bia lui Trump de a anexa Groenlanda. &#8222;Pre\u0219edintele Donald Trump are perfect\u0103 dreptate!&#8221;, a scris el pe X pe 10 ianuarie.&#8221;Trebuie s\u0103 ne asigur\u0103m c\u0103 Groenlanda se al\u0103tur\u0103 Statelor Unite. Ar fi minunat pentru ei, minunat pentru noi! Haide\u021bi s\u0103 o facem!&#8221;, a insistat el.\u00cen ianuarie, 85% dintre groenlandezi au declarat c\u0103 se opun viitoarei ader\u0103ri la Statele Unite, conform unui sondaj publicat \u00een cotidianul groenlandez Sermitsiaq. Doar 6% s-au declarat favorabili unei astfel de posibilit\u0103\u021bi.Pentru Donald Trump, atrac\u021bia Groenlandei const\u0103 \u00een bog\u0103\u021bia sa mineral\u0103 \u0219i \u00een amplasarea sa strategic\u0103 la intersec\u021bia dintre Oceanul Atlantic de Nord \u0219i Oceanul Arctic.La sf\u00e2r\u0219itul lunii martie, vicepre\u0219edintele american JD Vance a provocat scandal pl\u0103nuind o vizit\u0103 pe vasta insul\u0103 arctic\u0103 f\u0103r\u0103 a fi fost invitat.Confruntat cu furia st\u00e2rnit\u0103 \u00een Groenlanda, \u00een Danemarca \u0219i \u00een \u00eentreaga Europ\u0103, el \u0219i-a limitat deplasarea la baza aerian\u0103 american\u0103 de la Pituffik, cea mai nordic\u0103 baz\u0103 a Statelor Unite. JD Vance s-a folosit de vizita sa pentru a critica presupusa inac\u021biune a Danemarcei \u00een ceea ce prive\u0219te Groenlanda.La sf\u00e2r\u0219itul lunii august, televiziunea danez\u0103 a dezv\u0103luit c\u0103 cel pu\u021bin trei americani, av\u00e2nd leg\u0103turi cu pre\u0219edintele Donald Trump, au efectuat opera\u021biuni de influen\u021b\u0103 pe aceast\u0103 insul\u0103 polar\u0103.\u00a0<\/p>\n<p><a title=\"Donald Trump, declaratie controversata dupa moartea regizorului Rob Reiner si a sotiei salei: Au murit din cauza sindromului anti-Trump\" href=\"https:\/\/www.realitatea.net\/stiri\/actual\/donald-trump-sustine-ca-antitrumpismul-turbat-ia-ucis-pe-regizorul-rob-reiner-si-sotia-lui_694041ee3b10f646d72fb5d9\">Donald Trump, declara\u021bie controversat\u0103 dup\u0103 moartea regizorului Rob Reiner \u0219i a so\u021biei salei: Au murit din cauza sindromului anti-Trump<\/a><\/p>","protected":false},"excerpt":{"rendered":"<p>&#8222;Sunt profund indignat de aceast\u0103 numire \u0219i de aceast\u0103 declara\u021bie, pe care le consider total&hellip;<\/p>\n","protected":false},"author":0,"featured_media":53413,"comment_status":"open","ping_status":"open","sticky":false,"template":"","format":"standard","meta":{"footnotes":""},"categories":[2],"tags":[],"class_list":["post-53426","post","type-post","status-publish","format-standard","has-post-thumbnail","hentry","category-actual"],"_links":{"self":[{"href":"https:\/\/247stiri.ro\/index.php\/wp-json\/wp\/v2\/posts\/53426","targetHints":{"allow":["GET"]}}],"collection":[{"href":"https:\/\/247stiri.ro\/index.php\/wp-json\/wp\/v2\/posts"}],"about":[{"href":"https:\/\/247stiri.ro\/index.php\/wp-json\/wp\/v2\/types\/post"}],"replies":[{"embeddable":true,"href":"https:\/\/247stiri.ro\/index.php\/wp-json\/wp\/v2\/comments?post=53426"}],"version-history":[{"count":0,"href":"https:\/\/247stiri.ro\/index.php\/wp-json\/wp\/v2\/posts\/53426\/revisions"}],"wp:featuredmedia":[{"embeddable":true,"href":"https:\/\/247stiri.ro\/index.php\/wp-json\/wp\/v2\/media\/53413"}],"wp:attachment":[{"href":"https:\/\/247stiri.ro\/index.php\/wp-json\/wp\/v2\/media?parent=53426"}],"wp:term":[{"taxonomy":"category","embeddable":true,"href":"https:\/\/247stiri.ro\/index.php\/wp-json\/wp\/v2\/categories?post=53426"},{"taxonomy":"post_tag","embeddable":true,"href":"https:\/\/247stiri.ro\/index.php\/wp-json\/wp\/v2\/tags?post=53426"}],"curies":[{"name":"wp","href":"https:\/\/api.w.org\/{rel}","templated":true}]}}