{"id":53440,"date":"2025-12-22T15:45:33","date_gmt":"2025-12-22T15:45:33","guid":{"rendered":"https:\/\/247stiri.ro\/index.php\/2025\/12\/22\/incredibil-un-radar-defect-a-dat-mii-de-amenzi-timp-de-4-ani-statul-obligat-sa-dea-explicatii\/"},"modified":"2025-12-22T15:45:33","modified_gmt":"2025-12-22T15:45:33","slug":"incredibil-un-radar-defect-a-dat-mii-de-amenzi-timp-de-4-ani-statul-obligat-sa-dea-explicatii","status":"publish","type":"post","link":"https:\/\/247stiri.ro\/index.php\/2025\/12\/22\/incredibil-un-radar-defect-a-dat-mii-de-amenzi-timp-de-4-ani-statul-obligat-sa-dea-explicatii\/","title":{"rendered":"Incredibil: Un radar defect a dat mii de amenzi timp de 4 ani. Statul, obligat s\u0103 dea explica\u021bii"},"content":{"rendered":"<p>O eroare tehnic\u0103 major\u0103 ap\u0103rut\u0103 la sistemul de radare fixe din Marea Britanie a dus la sanc\u021bionarea eronat\u0103 a peste 2.600 de \u0219oferi care circulau c\u00e2t se poate de regulamentar.<\/p>\n<p>Problema a fost cauzat\u0103 de un decalaj de sincronizare pe sectoarele de drum cu limit\u0103 de vitez\u0103 variabil\u0103, unde valorile maxime admise se modific\u0103 \u00een func\u021bie de trafic \u0219i or\u0103 prin panouri electronice. De\u0219i aparatele radar \u00eenregistrau corect viteza ma\u0219inilor, sistemul software responsabil cu actualizarea pragului de sanc\u021bionare opera cu o \u00eent\u00e2rziere de c\u00e2teva secunde fa\u021b\u0103 de panourile de afi\u0219aj.<\/p>\n<p>Din 2021 \u0219i p\u00e2n\u0103 \u00een prezent, acest \u201edelay\u201d a creat situa\u021bii paradoxale pe autostr\u0103zi: \u00een momentul \u00een care limita de vitez\u0103 era majorat\u0103, \u0219oferii accelerau conform noilor indica\u021bii de pe panouri, \u00eens\u0103 radarul r\u0103m\u00e2nea setat pentru scurt timp pe vechea limit\u0103, mai redus\u0103. Astfel, sistemul automat constata dep\u0103\u0219iri inexistente ale vitezei legale.<\/p>\n<p>Autoritatea Na\u021bional\u0103 de Autostr\u0103zi din Regatul Unit a confirmat c\u0103 anomalia nu se manifesta atunci c\u00e2nd limitele sc\u0103deau, deoarece \u0219oferii \u00eencetineau oricum, ci doar \u00een momentele de relaxare a restric\u021biilor. \u00cen urma confirm\u0103rii defec\u021biunii, autorit\u0103\u021bile au demarat procedurile pentru returnarea amenzilor \u00eencasate nejustificat \u0219i pentru anularea punctelor de penalizare aplicate celor 2.650 de conduc\u0103tori auto afecta\u021bi.<\/p>","protected":false},"excerpt":{"rendered":"<p>O eroare tehnic\u0103 major\u0103 ap\u0103rut\u0103 la sistemul de radare fixe din Marea Britanie a dus&hellip;<\/p>\n","protected":false},"author":0,"featured_media":53429,"comment_status":"open","ping_status":"open","sticky":false,"template":"","format":"standard","meta":{"footnotes":""},"categories":[2],"tags":[],"class_list":["post-53440","post","type-post","status-publish","format-standard","has-post-thumbnail","hentry","category-actual"],"_links":{"self":[{"href":"https:\/\/247stiri.ro\/index.php\/wp-json\/wp\/v2\/posts\/53440","targetHints":{"allow":["GET"]}}],"collection":[{"href":"https:\/\/247stiri.ro\/index.php\/wp-json\/wp\/v2\/posts"}],"about":[{"href":"https:\/\/247stiri.ro\/index.php\/wp-json\/wp\/v2\/types\/post"}],"replies":[{"embeddable":true,"href":"https:\/\/247stiri.ro\/index.php\/wp-json\/wp\/v2\/comments?post=53440"}],"version-history":[{"count":0,"href":"https:\/\/247stiri.ro\/index.php\/wp-json\/wp\/v2\/posts\/53440\/revisions"}],"wp:featuredmedia":[{"embeddable":true,"href":"https:\/\/247stiri.ro\/index.php\/wp-json\/wp\/v2\/media\/53429"}],"wp:attachment":[{"href":"https:\/\/247stiri.ro\/index.php\/wp-json\/wp\/v2\/media?parent=53440"}],"wp:term":[{"taxonomy":"category","embeddable":true,"href":"https:\/\/247stiri.ro\/index.php\/wp-json\/wp\/v2\/categories?post=53440"},{"taxonomy":"post_tag","embeddable":true,"href":"https:\/\/247stiri.ro\/index.php\/wp-json\/wp\/v2\/tags?post=53440"}],"curies":[{"name":"wp","href":"https:\/\/api.w.org\/{rel}","templated":true}]}}