{"id":53494,"date":"2025-12-22T20:44:48","date_gmt":"2025-12-22T20:44:48","guid":{"rendered":"https:\/\/247stiri.ro\/index.php\/2025\/12\/22\/proiect-sanctiuni-drastice-pentru-medicii-care-raspandesc-sfaturi-neavizate-sau-teorii-neconfirmate-stiintific\/"},"modified":"2025-12-22T20:44:48","modified_gmt":"2025-12-22T20:44:48","slug":"proiect-sanctiuni-drastice-pentru-medicii-care-raspandesc-sfaturi-neavizate-sau-teorii-neconfirmate-stiintific","status":"publish","type":"post","link":"https:\/\/247stiri.ro\/index.php\/2025\/12\/22\/proiect-sanctiuni-drastice-pentru-medicii-care-raspandesc-sfaturi-neavizate-sau-teorii-neconfirmate-stiintific\/","title":{"rendered":"PROIECT. Sanc\u021biuni drastice pentru medicii care r\u0103sp\u00e2ndesc sfaturi neavizate sau teorii neconfirmate \u0219tiin\u021bific"},"content":{"rendered":"<p>Luni, Senatul a adoptat o modificare crucial\u0103 la Legea reformei \u00een domeniul s\u0103n\u0103t\u0103\u021bii (95\/2006), stabilind un cadru riguros de sanc\u021bionare pentru medicii care dezinformeaz\u0103 \u00een spa\u021biul public. Cu 79 de voturi \u201epentru\u201d, 38 \u201e\u00eempotriv\u0103\u201d \u0219i dou\u0103 ab\u021bineri, proiectul stipuleaz\u0103 c\u0103 personalul medical va r\u0103spunde disciplinar pentru propagarea oric\u0103ror informa\u021bii false sau contrare dovezilor \u0219tiin\u021bifice recunoscute interna\u021bional, dac\u0103 acestea reprezint\u0103 un pericol pentru s\u0103n\u0103tatea public\u0103.<\/p>\n<p>Aceast\u0103 ini\u021biativ\u0103 extinde responsabilitatea medicului dincolo de cabinet, incluz\u00e2nd \u00een sfera abaterilor disciplinare orice fapte ce pot aduce prejudicii onoarei profesiei sau prestigiului Colegiului Medicilor din Rom\u00e2nia (CMR). \u00cen esen\u021b\u0103, legea oblig\u0103 medicii s\u0103 r\u0103m\u00e2n\u0103 ancora\u021bi \u00een rigoarea \u0219tiin\u021bific\u0103 indiferent de canalul de comunicare utilizat, fie c\u0103 este vorba despre platforme sociale, emisiuni TV sau alte medii publice.<\/p>\n<p>Sanc\u021biunile prev\u0103zute sunt printre cele mai aspre din legisla\u021bia medical\u0103 actual\u0103. Astfel, la prima abatere, un medic g\u0103sit vinovat de r\u0103sp\u00e2ndirea \u0219tirilor false risc\u0103 suspendarea dreptului de liber\u0103 practic\u0103 sau a unor activit\u0103\u021bi medicale specifice pentru o perioad\u0103 cuprins\u0103 \u00eentre o lun\u0103 \u0219i un an. Recidiva atrage cea mai sever\u0103 m\u0103sur\u0103 administrativ\u0103: retragerea calit\u0103\u021bii de membru al CMR, ceea ce echivaleaz\u0103 cu pierderea definitiv\u0103 a dreptului de a profesa. Dup\u0103 votul favorabil din Senat, proiectul de lege merge acum la Camera Deputa\u021bilor, care de\u021bine rolul de for decizional.<\/p>","protected":false},"excerpt":{"rendered":"<p>Luni, Senatul a adoptat o modificare crucial\u0103 la Legea reformei \u00een domeniul s\u0103n\u0103t\u0103\u021bii (95\/2006), stabilind&hellip;<\/p>\n","protected":false},"author":0,"featured_media":53495,"comment_status":"open","ping_status":"open","sticky":false,"template":"","format":"standard","meta":{"footnotes":""},"categories":[2],"tags":[],"class_list":["post-53494","post","type-post","status-publish","format-standard","has-post-thumbnail","hentry","category-actual"],"_links":{"self":[{"href":"https:\/\/247stiri.ro\/index.php\/wp-json\/wp\/v2\/posts\/53494","targetHints":{"allow":["GET"]}}],"collection":[{"href":"https:\/\/247stiri.ro\/index.php\/wp-json\/wp\/v2\/posts"}],"about":[{"href":"https:\/\/247stiri.ro\/index.php\/wp-json\/wp\/v2\/types\/post"}],"replies":[{"embeddable":true,"href":"https:\/\/247stiri.ro\/index.php\/wp-json\/wp\/v2\/comments?post=53494"}],"version-history":[{"count":0,"href":"https:\/\/247stiri.ro\/index.php\/wp-json\/wp\/v2\/posts\/53494\/revisions"}],"wp:featuredmedia":[{"embeddable":true,"href":"https:\/\/247stiri.ro\/index.php\/wp-json\/wp\/v2\/media\/53495"}],"wp:attachment":[{"href":"https:\/\/247stiri.ro\/index.php\/wp-json\/wp\/v2\/media?parent=53494"}],"wp:term":[{"taxonomy":"category","embeddable":true,"href":"https:\/\/247stiri.ro\/index.php\/wp-json\/wp\/v2\/categories?post=53494"},{"taxonomy":"post_tag","embeddable":true,"href":"https:\/\/247stiri.ro\/index.php\/wp-json\/wp\/v2\/tags?post=53494"}],"curies":[{"name":"wp","href":"https:\/\/api.w.org\/{rel}","templated":true}]}}