{"id":53512,"date":"2025-12-22T21:45:37","date_gmt":"2025-12-22T21:45:37","guid":{"rendered":"https:\/\/247stiri.ro\/index.php\/2025\/12\/22\/tragedie-in-judetul-arges-o-femeie-de-63-de-ani-a-fost-spulberata-de-un-sofer-de-24-de-ani\/"},"modified":"2025-12-22T21:45:37","modified_gmt":"2025-12-22T21:45:37","slug":"tragedie-in-judetul-arges-o-femeie-de-63-de-ani-a-fost-spulberata-de-un-sofer-de-24-de-ani","status":"publish","type":"post","link":"https:\/\/247stiri.ro\/index.php\/2025\/12\/22\/tragedie-in-judetul-arges-o-femeie-de-63-de-ani-a-fost-spulberata-de-un-sofer-de-24-de-ani\/","title":{"rendered":"Tragedie \u00een jude\u021bul Arge\u0219. O femeie de 63 de ani a fost spulberat\u0103 de un \u0219ofer de 24 de ani"},"content":{"rendered":"<p>\u201eDin verific\u0103rile preliminare (&#8230;) s-a stabilit c\u0103 o femeie de 63 de ani, din Pietro\u015fani, care se deplasa pe DJ 731, pe raza localit\u0103\u0163ii de domiciliu, \u00een \u00eemprejur\u0103ri care vor fi stabilite prin cercet\u0103ri, posibil pe fondul inten\u0163iei de a traversa prin loc nepermis, a fost acro\u015fat\u0103 \u015fi accidentat\u0103 de un autoturism condus de un t\u00e2n\u0103r de 24 de ani, din comuna Corbi&#8221;, se precizeaz\u0103 \u00eentr-o informare transmis\u0103 de Inspectoratul de Poli\u0163ie Jude\u0163ean (IPJ) Arge\u015f.<\/p>\n<p>\u00cen urma impactului, femeia a suferit r\u0103ni grave, iar medicii sosi\u021bi la fa\u021ba locului au fost nevoi\u021bi s\u0103 \u00eei constate <a href=\"https:\/\/www.realitatea.net\/stiri\/actual\/accident-grav-in-olt-un-tanar-de-18-ani-a-murit-n-timp-ce-o-fata-este-in-coma_6948dfb49e02ca581d5968e7\" target=\"_blank\">decesul.\u00a0<\/a><\/p>\n<p>\u015eoferul vinovat de producerea incidentului a fost testat cu aparatul etilotest, iar rezultatul a fost negativ.\u00a0<\/p>\n<p>Poli\u0163i\u015ftii Biroului Rutier Curtea de Arge\u015f au \u00eentocmit un dosar penal privind s\u0103v\u00e2r\u015firea infrac\u0163iunii de ucidere din culp\u0103, cercet\u0103rile fiind continuate pentru stabilirea tuturor \u00eemprejur\u0103rilor \u00een care s-a produs evenimentul rutier.\u00a0<\/p>","protected":false},"excerpt":{"rendered":"<p>\u201eDin verific\u0103rile preliminare (&#8230;) s-a stabilit c\u0103 o femeie de 63 de ani, din Pietro\u015fani,&hellip;<\/p>\n","protected":false},"author":0,"featured_media":53513,"comment_status":"open","ping_status":"open","sticky":false,"template":"","format":"standard","meta":{"footnotes":""},"categories":[2],"tags":[],"class_list":["post-53512","post","type-post","status-publish","format-standard","has-post-thumbnail","hentry","category-actual"],"_links":{"self":[{"href":"https:\/\/247stiri.ro\/index.php\/wp-json\/wp\/v2\/posts\/53512","targetHints":{"allow":["GET"]}}],"collection":[{"href":"https:\/\/247stiri.ro\/index.php\/wp-json\/wp\/v2\/posts"}],"about":[{"href":"https:\/\/247stiri.ro\/index.php\/wp-json\/wp\/v2\/types\/post"}],"replies":[{"embeddable":true,"href":"https:\/\/247stiri.ro\/index.php\/wp-json\/wp\/v2\/comments?post=53512"}],"version-history":[{"count":0,"href":"https:\/\/247stiri.ro\/index.php\/wp-json\/wp\/v2\/posts\/53512\/revisions"}],"wp:featuredmedia":[{"embeddable":true,"href":"https:\/\/247stiri.ro\/index.php\/wp-json\/wp\/v2\/media\/53513"}],"wp:attachment":[{"href":"https:\/\/247stiri.ro\/index.php\/wp-json\/wp\/v2\/media?parent=53512"}],"wp:term":[{"taxonomy":"category","embeddable":true,"href":"https:\/\/247stiri.ro\/index.php\/wp-json\/wp\/v2\/categories?post=53512"},{"taxonomy":"post_tag","embeddable":true,"href":"https:\/\/247stiri.ro\/index.php\/wp-json\/wp\/v2\/tags?post=53512"}],"curies":[{"name":"wp","href":"https:\/\/api.w.org\/{rel}","templated":true}]}}