{"id":53540,"date":"2025-12-23T06:44:52","date_gmt":"2025-12-23T06:44:52","guid":{"rendered":"https:\/\/247stiri.ro\/index.php\/2025\/12\/23\/razboi-in-ucraina-ziua-1399-atac-aerian-asupra-kievului-la-scurt-timp-dupa-negocierile-de-pace-de-la-miami-live-text\/"},"modified":"2025-12-23T06:44:52","modified_gmt":"2025-12-23T06:44:52","slug":"razboi-in-ucraina-ziua-1399-atac-aerian-asupra-kievului-la-scurt-timp-dupa-negocierile-de-pace-de-la-miami-live-text","status":"publish","type":"post","link":"https:\/\/247stiri.ro\/index.php\/2025\/12\/23\/razboi-in-ucraina-ziua-1399-atac-aerian-asupra-kievului-la-scurt-timp-dupa-negocierile-de-pace-de-la-miami-live-text\/","title":{"rendered":"R\u0103zboi \u00een Ucraina, ziua 1399. Atac aerian asupra Kievului, la scurt timp dup\u0103 negocierile de pace de la Miami &#8211; LIVE TEXT"},"content":{"rendered":"<p>UPDATE 8:20 &#8211; Mesaje RO-Alert la Gala\u021bi \u0219i Tulcea, dup\u0103 noi atacuri cu drone ale Rusiei, la grani\u021ba Ucrainei spre Rom\u00e2nia<\/p>\n<p>Noi mesaje de tip RO-Alert au fost emise \u00een noaptea de luni spre mar\u021bi, \u00een Tulcea \u0219i Gala\u021bi, dup\u0103 o serie de atacuri puternice ale trupelor ruse\u0219ti pe teritoriul ucrainean, chiar la grani\u021ba cu Rom\u00e2nia. Sistemele radar ale <a href=\"https:\/\/www.realitatea.net\/stiri\/actual\/mesaje-roalert-la-galati-si-tulcea-dupa-noi-atacuri-cu-drone-ale-rusiei-la-granita-cu-ucraina_694a35e3bbe500362a0ac159\" target=\"_blank\">Ministerului Ap\u0103r\u0103rii<\/a> au monitorizat situa\u021bia, iar preventiv au fost emise mesajele de avertizare c\u0103tre popula\u021bie.<\/p>\n<p>UPDATE 7:30 &#8211; Administra\u021bia militar\u0103 din Kiev a transmis un mesaj pe Telegram \u00een care a anun\u021bat interven\u021bia ap\u0103r\u0103rii aeriene privind atacurile<\/p>\n<p>\u201eFor\u021bele de ap\u0103rare aerian\u0103 lucreaz\u0103 pentru a elimina amenin\u021barea de pe cerul de deasupra capitalei\u201d, au precizat autorit\u0103\u021bile ucrainene.<\/p>\n<p>P\u00e2n\u0103 \u00een acest moment, autorit\u0103\u021bile din Ucraina nu au anun\u021bat victime sau distrugeri materiale. Nici amploarea exact\u0103 a atacului nu a fost stabilit\u0103 imediat.<\/p>\n<p>Discu\u021biile din weekend de la Miami au reunit oficiali americani cu delega\u021bii ucrainene \u0219i europene, al\u0103turi de contacte separate cu reprezentan\u021bi ru\u0219i, \u00een timp ce Washingtonul testa dac\u0103 exist\u0103 posibilitatea unei \u00een\u021belegeri care s\u0103 pun\u0103 cap\u0103t r\u0103zboiului.<\/p>","protected":false},"excerpt":{"rendered":"<p>UPDATE 8:20 &#8211; Mesaje RO-Alert la Gala\u021bi \u0219i Tulcea, dup\u0103 noi atacuri cu drone ale&hellip;<\/p>\n","protected":false},"author":0,"featured_media":53541,"comment_status":"open","ping_status":"open","sticky":false,"template":"","format":"standard","meta":{"footnotes":""},"categories":[4],"tags":[],"class_list":["post-53540","post","type-post","status-publish","format-standard","has-post-thumbnail","hentry","category-extern"],"_links":{"self":[{"href":"https:\/\/247stiri.ro\/index.php\/wp-json\/wp\/v2\/posts\/53540","targetHints":{"allow":["GET"]}}],"collection":[{"href":"https:\/\/247stiri.ro\/index.php\/wp-json\/wp\/v2\/posts"}],"about":[{"href":"https:\/\/247stiri.ro\/index.php\/wp-json\/wp\/v2\/types\/post"}],"replies":[{"embeddable":true,"href":"https:\/\/247stiri.ro\/index.php\/wp-json\/wp\/v2\/comments?post=53540"}],"version-history":[{"count":0,"href":"https:\/\/247stiri.ro\/index.php\/wp-json\/wp\/v2\/posts\/53540\/revisions"}],"wp:featuredmedia":[{"embeddable":true,"href":"https:\/\/247stiri.ro\/index.php\/wp-json\/wp\/v2\/media\/53541"}],"wp:attachment":[{"href":"https:\/\/247stiri.ro\/index.php\/wp-json\/wp\/v2\/media?parent=53540"}],"wp:term":[{"taxonomy":"category","embeddable":true,"href":"https:\/\/247stiri.ro\/index.php\/wp-json\/wp\/v2\/categories?post=53540"},{"taxonomy":"post_tag","embeddable":true,"href":"https:\/\/247stiri.ro\/index.php\/wp-json\/wp\/v2\/tags?post=53540"}],"curies":[{"name":"wp","href":"https:\/\/api.w.org\/{rel}","templated":true}]}}