{"id":53614,"date":"2025-12-23T11:46:00","date_gmt":"2025-12-23T11:46:00","guid":{"rendered":"https:\/\/247stiri.ro\/index.php\/2025\/12\/23\/panica-la-nunspeet-in-olanda-noua-persoane-ranite-dupa-ce-o-masina-a-intrat-in-multime-trei-dintre-ele-sunt-in-stare-grava\/"},"modified":"2025-12-23T11:46:00","modified_gmt":"2025-12-23T11:46:00","slug":"panica-la-nunspeet-in-olanda-noua-persoane-ranite-dupa-ce-o-masina-a-intrat-in-multime-trei-dintre-ele-sunt-in-stare-grava","status":"publish","type":"post","link":"https:\/\/247stiri.ro\/index.php\/2025\/12\/23\/panica-la-nunspeet-in-olanda-noua-persoane-ranite-dupa-ce-o-masina-a-intrat-in-multime-trei-dintre-ele-sunt-in-stare-grava\/","title":{"rendered":"Panic\u0103 la Nunspeet, \u00een Olanda: Nou\u0103 persoane r\u0103nite dup\u0103 ce o ma\u0219in\u0103 a intrat \u00een mul\u021bime. Trei dintre ele sunt \u00een stare grav\u0103"},"content":{"rendered":"<p>\u201dNou\u0103 persoane au fost r\u0103nite, inclusiv cel pu\u0163in trei grav. La prima vedere nu seam\u0103n\u0103 cu un (atac) deliberat, dar anchet\u0103m\u201d, a anun\u0163at luni seara, pe X, poli\u0163ia olandez\u0103,<\/p>\n<p>P\u00e2n\u0103 la ora transmiterii acestei \u0219tiri circumstan\u0163ele exacte ale incidentului nu sunt cunoscute imediat.<\/p>\n<p>O \u015foferi\u0163\u0103 \u00een v\u00e2rst\u0103 de 56 de ani, originar\u0103 din Nunspeet, a fost arestat\u0103 ca suspect\u0103. Ea era, de asemenea, u\u015for r\u0103nit\u0103.<\/p>\n<p>Mai multe ambulan\u0163e, ma\u015fini de pompieri \u015fi unit\u0103\u0163i de poli\u0163ie au fost trimise la fa\u0163a locului. Un elicopter medicalizat a fost de asemenea mobilizat la fa\u021ba locului, potrivit De Stentor.<\/p>\n<p>\u201dM\u0103 gndesc la victime \u015fi la familiile lor\u201d, a scris pe \u00a0Rob Jetten, care este pe cale s\u0103 devin\u0103 viitorul premier al Olandei.<\/p>\n<p>\u201dO imens\u0103 recuno\u015ftin\u0163\u0103 \u015fi un imens respect fa\u0163\u0103 de serviciile de urgen\u0163\u0103, care fac totul pentru a furniza cele mai bune \u00eengrijiri posibile\u201d, a ad\u0103ugat acesta.<\/p>\n<p>O parad\u0103 urma s\u0103 traverseze ora\u015ful Elburg (nord), luni seara. Evenimentul a fost \u00eentrerupt imediat dup\u0103 incidentul de la Nunspeet, situat zece kilometri mai la sud, a anun\u0163at pe Facebook municiplaitatea.<\/p>","protected":false},"excerpt":{"rendered":"<p>\u201dNou\u0103 persoane au fost r\u0103nite, inclusiv cel pu\u0163in trei grav. La prima vedere nu seam\u0103n\u0103&hellip;<\/p>\n","protected":false},"author":0,"featured_media":53615,"comment_status":"open","ping_status":"open","sticky":false,"template":"","format":"standard","meta":{"footnotes":""},"categories":[4],"tags":[],"class_list":["post-53614","post","type-post","status-publish","format-standard","has-post-thumbnail","hentry","category-extern"],"_links":{"self":[{"href":"https:\/\/247stiri.ro\/index.php\/wp-json\/wp\/v2\/posts\/53614","targetHints":{"allow":["GET"]}}],"collection":[{"href":"https:\/\/247stiri.ro\/index.php\/wp-json\/wp\/v2\/posts"}],"about":[{"href":"https:\/\/247stiri.ro\/index.php\/wp-json\/wp\/v2\/types\/post"}],"replies":[{"embeddable":true,"href":"https:\/\/247stiri.ro\/index.php\/wp-json\/wp\/v2\/comments?post=53614"}],"version-history":[{"count":0,"href":"https:\/\/247stiri.ro\/index.php\/wp-json\/wp\/v2\/posts\/53614\/revisions"}],"wp:featuredmedia":[{"embeddable":true,"href":"https:\/\/247stiri.ro\/index.php\/wp-json\/wp\/v2\/media\/53615"}],"wp:attachment":[{"href":"https:\/\/247stiri.ro\/index.php\/wp-json\/wp\/v2\/media?parent=53614"}],"wp:term":[{"taxonomy":"category","embeddable":true,"href":"https:\/\/247stiri.ro\/index.php\/wp-json\/wp\/v2\/categories?post=53614"},{"taxonomy":"post_tag","embeddable":true,"href":"https:\/\/247stiri.ro\/index.php\/wp-json\/wp\/v2\/tags?post=53614"}],"curies":[{"name":"wp","href":"https:\/\/api.w.org\/{rel}","templated":true}]}}