{"id":53683,"date":"2025-12-23T15:45:38","date_gmt":"2025-12-23T15:45:38","guid":{"rendered":"https:\/\/247stiri.ro\/index.php\/2025\/12\/23\/schimbare-majora-privind-circulatia-autobuzelor-din-cauza-ninsorilor-anuntate-pentru-bucuresti-anuntul-stb\/"},"modified":"2025-12-23T15:45:38","modified_gmt":"2025-12-23T15:45:38","slug":"schimbare-majora-privind-circulatia-autobuzelor-din-cauza-ninsorilor-anuntate-pentru-bucuresti-anuntul-stb","status":"publish","type":"post","link":"https:\/\/247stiri.ro\/index.php\/2025\/12\/23\/schimbare-majora-privind-circulatia-autobuzelor-din-cauza-ninsorilor-anuntate-pentru-bucuresti-anuntul-stb\/","title":{"rendered":"Schimbare major\u0103 privind circula\u021bia autobuzelor din cauza ninsorilor anun\u021bate pentru Bucure\u0219ti. Anun\u021bul STB"},"content":{"rendered":"<p>\u201d\u00cencep\u00e2nd cu data de 24.12.2025, autobuzele nu vor mai circula pe calea de rulare a tramvaielor.<\/p>\n<p>Av\u00e2nd \u00een vedere avertizarea meteorologic\u0103 emis\u0103 de c\u0103tre Administra\u021bia Na\u021bional\u0103 de Meteorologie, care vizeaz\u0103 manifestarea unor fenomene meteorologice nefavorabile \u00een Capital\u0103 (precipita\u021bii mixte, polei, ninsori temporar viscolite, intensific\u0103ri ale v\u00e2ntului \u0219i sc\u0103derea semnificativ\u0103 a temperaturilor), \u00eencep\u00e2nd din data de 24.12.2025, autobuzele nu vor mai circula pe calea de rulare a tramvaielor, ci pe carosabil \u0219i vor efectua opriri \u00een sta\u021biile de autobuz amplasate la bordur\u0103\u201d, a nun\u021b\u0103 <a href=\"https:\/\/www.realitatea.net\/stiri\/actual\/accident-sub-podul-basarab-liniile-1-si-10-blocate-dupa-ciocnirea-a-doua-tramvaie_692db0bdd0700f62db744526\" target=\"_blank\">STB.<\/a>\u00a0<\/p>\n<p>Potrivit reprezentan\u021bilor companiei, \u201daceast\u0103 decizie a fost luat\u0103 pentru a preveni dificult\u0103\u021bile la fr\u00e2nare cauzate de alunecarea pe \u0219inele de tramvai\u201d.<\/p>\n<p>\u201dMen\u021bion\u0103m faptul c\u0103 aceast\u0103 m\u0103sur\u0103 este temporar\u0103 iar autobuzele vor reveni pe calea de rulare a tramvaielor la o dat\u0103 care va fi comunicat\u0103 ulterior.<\/p>\n<p>Amintim c\u0103l\u0103torilor c\u0103 STB SA pune la dispozi\u021bie mai multe mijloace de informare pentru a afla, \u00een timp real, programul de circula\u021bie al mijloacelor de transport sau informa\u021bii despre eventuale modific\u0103ri de trasee, respectiv:aplica\u021bia Info TB;site-ul oficial STB SA;paginile oficiale ale STB SA de pe re\u021belele de socializare (Facebook, Instagram \u0219i X)\u201d, se arat\u0103 \u00een anun\u021bul STB.\u00a0<\/p>","protected":false},"excerpt":{"rendered":"<p>\u201d\u00cencep\u00e2nd cu data de 24.12.2025, autobuzele nu vor mai circula pe calea de rulare a&hellip;<\/p>\n","protected":false},"author":0,"featured_media":53684,"comment_status":"open","ping_status":"open","sticky":false,"template":"","format":"standard","meta":{"footnotes":""},"categories":[2],"tags":[],"class_list":["post-53683","post","type-post","status-publish","format-standard","has-post-thumbnail","hentry","category-actual"],"_links":{"self":[{"href":"https:\/\/247stiri.ro\/index.php\/wp-json\/wp\/v2\/posts\/53683","targetHints":{"allow":["GET"]}}],"collection":[{"href":"https:\/\/247stiri.ro\/index.php\/wp-json\/wp\/v2\/posts"}],"about":[{"href":"https:\/\/247stiri.ro\/index.php\/wp-json\/wp\/v2\/types\/post"}],"replies":[{"embeddable":true,"href":"https:\/\/247stiri.ro\/index.php\/wp-json\/wp\/v2\/comments?post=53683"}],"version-history":[{"count":0,"href":"https:\/\/247stiri.ro\/index.php\/wp-json\/wp\/v2\/posts\/53683\/revisions"}],"wp:featuredmedia":[{"embeddable":true,"href":"https:\/\/247stiri.ro\/index.php\/wp-json\/wp\/v2\/media\/53684"}],"wp:attachment":[{"href":"https:\/\/247stiri.ro\/index.php\/wp-json\/wp\/v2\/media?parent=53683"}],"wp:term":[{"taxonomy":"category","embeddable":true,"href":"https:\/\/247stiri.ro\/index.php\/wp-json\/wp\/v2\/categories?post=53683"},{"taxonomy":"post_tag","embeddable":true,"href":"https:\/\/247stiri.ro\/index.php\/wp-json\/wp\/v2\/tags?post=53683"}],"curies":[{"name":"wp","href":"https:\/\/api.w.org\/{rel}","templated":true}]}}