{"id":53715,"date":"2025-12-23T19:45:08","date_gmt":"2025-12-23T19:45:08","guid":{"rendered":"https:\/\/247stiri.ro\/index.php\/2025\/12\/23\/george-simion-craciun-fericit-nasterea-domnului-sa-ne-aduca-victoria-luminii-eu-raman-aici-si-continui-sa-muncesc\/"},"modified":"2025-12-23T19:45:08","modified_gmt":"2025-12-23T19:45:08","slug":"george-simion-craciun-fericit-nasterea-domnului-sa-ne-aduca-victoria-luminii-eu-raman-aici-si-continui-sa-muncesc","status":"publish","type":"post","link":"https:\/\/247stiri.ro\/index.php\/2025\/12\/23\/george-simion-craciun-fericit-nasterea-domnului-sa-ne-aduca-victoria-luminii-eu-raman-aici-si-continui-sa-muncesc\/","title":{"rendered":"George Simion: \u201dCr\u0103ciun fericit! Na\u0219terea Domnului s\u0103 ne aduc\u0103 victoria luminii, eu r\u0103m\u00e2n aici \u0219i continui s\u0103 muncesc\u201d"},"content":{"rendered":"<p>\u201dDragii mei, Cr\u0103ciun fericit! Sper ca s\u0103rb\u0103torile prilejuite de Na\u0219terea Domnului nostru Iisus Hristos s\u0103 v\u0103 g\u0103seasc\u0103 al\u0103turi de cei dragi, al\u0103turi de familie.\u00a0<\/p>\n<p>Noi suntem un popor cre\u0219tin \u0219i lupta noastr\u0103, a mi\u0219c\u0103rii suveraniste, conservatoare, na\u021bionale, este o lupt\u0103 a binelui contra r\u0103ului, a luminii contra \u00eentunericului.\u00a0<\/p>\n<p>Nu facem politic\u0103 aici, facem istorie \u0219i ne lupt\u0103m pentru ca binele s\u0103 \u00eenving\u0103 r\u0103ul. Sunte\u021bi dezam\u0103gi\u021bi \u0219i cred c\u0103 cel mai dezam\u0103git dintre to\u021bi sunt eu \u0219i \u00eemi st\u0103, aici, un nod \u00een g\u00e2t, pentru c\u0103 am fost umili\u021bi, aresta\u021bi, redu\u0219i la t\u0103cere \u0219i pentru anul 2025 \u00eenfr\u00e2n\u021bi de c\u0103tre sistem.<\/p>\n<p>Crede\u021bi \u00een voi, crede\u021bi \u00een puterea acestui neam de a rena\u0219te, crede\u021bi \u00een Dumnezeu \u0219i vom birui lumea\u201d, a transmis George Simion.\u00a0<\/p>\n<p>Vezi mesajul integral al pre\u0219edintelui AUR, AICI:\u00a0<\/p>\n\n<p>MATERIAL PUBLICITAR POLITICPARTIDUL ALIAN\u021aA PENTRU UNIREA ROMANILOR (AUR)Notificare\u00a0privind\u00a0transparen\u021ba\u00a0la\u00a0<a href=\"https:\/\/www.realitatea.net\/notificare-transparenta-publicitate-politica\">https:\/\/www.realitatea.net\/notificare-transparenta-publicitate-politica<\/a><\/p>\n<p>\u00a0\u00a0<\/p>","protected":false},"excerpt":{"rendered":"<p>\u201dDragii mei, Cr\u0103ciun fericit! Sper ca s\u0103rb\u0103torile prilejuite de Na\u0219terea Domnului nostru Iisus Hristos s\u0103&hellip;<\/p>\n","protected":false},"author":0,"featured_media":53710,"comment_status":"open","ping_status":"open","sticky":false,"template":"","format":"standard","meta":{"footnotes":""},"categories":[2],"tags":[],"class_list":["post-53715","post","type-post","status-publish","format-standard","has-post-thumbnail","hentry","category-actual"],"_links":{"self":[{"href":"https:\/\/247stiri.ro\/index.php\/wp-json\/wp\/v2\/posts\/53715","targetHints":{"allow":["GET"]}}],"collection":[{"href":"https:\/\/247stiri.ro\/index.php\/wp-json\/wp\/v2\/posts"}],"about":[{"href":"https:\/\/247stiri.ro\/index.php\/wp-json\/wp\/v2\/types\/post"}],"replies":[{"embeddable":true,"href":"https:\/\/247stiri.ro\/index.php\/wp-json\/wp\/v2\/comments?post=53715"}],"version-history":[{"count":0,"href":"https:\/\/247stiri.ro\/index.php\/wp-json\/wp\/v2\/posts\/53715\/revisions"}],"wp:featuredmedia":[{"embeddable":true,"href":"https:\/\/247stiri.ro\/index.php\/wp-json\/wp\/v2\/media\/53710"}],"wp:attachment":[{"href":"https:\/\/247stiri.ro\/index.php\/wp-json\/wp\/v2\/media?parent=53715"}],"wp:term":[{"taxonomy":"category","embeddable":true,"href":"https:\/\/247stiri.ro\/index.php\/wp-json\/wp\/v2\/categories?post=53715"},{"taxonomy":"post_tag","embeddable":true,"href":"https:\/\/247stiri.ro\/index.php\/wp-json\/wp\/v2\/tags?post=53715"}],"curies":[{"name":"wp","href":"https:\/\/api.w.org\/{rel}","templated":true}]}}