{"id":53730,"date":"2025-12-23T20:44:53","date_gmt":"2025-12-23T20:44:53","guid":{"rendered":"https:\/\/247stiri.ro\/index.php\/2025\/12\/23\/guvernul-bolojan-a-adoptat-asa-numita-ordonanta-trenulet-anuntul-ministrului-de-finante\/"},"modified":"2025-12-23T20:44:53","modified_gmt":"2025-12-23T20:44:53","slug":"guvernul-bolojan-a-adoptat-asa-numita-ordonanta-trenulet-anuntul-ministrului-de-finante","status":"publish","type":"post","link":"https:\/\/247stiri.ro\/index.php\/2025\/12\/23\/guvernul-bolojan-a-adoptat-asa-numita-ordonanta-trenulet-anuntul-ministrului-de-finante\/","title":{"rendered":"Guvernul Bolojan a adoptat a\u015fa-numita \u201dOrdonan\u0163\u0103-trenule\u0163\u201d. Anun\u021bul ministrului de Finan\u021be"},"content":{"rendered":"<p>\u201dOrdonan\u0163a a avut c\u00e2teva capitole pe care a\u015f vrea s\u0103 s\u0103 le trec \u00een revist\u0103. \u00cen primul r\u00e2nd este vorba despre m\u0103suri de reducere a cheltuielilor bugetare, de m\u0103suri de relansare economic\u0103, stimulare a investi\u0163iilor rivate \u015fi simplific\u0103ri pentru contribuabili\u201d, a anun\u021bat ministrul de Finan\u021be, Alexandru Nazare.\u00a0<\/p>\n<p>De asemenea, documentul vizeaz\u0103 m\u0103suri pentru persoanele vulnerabile, dar \u015fi pentru autorit\u0103\u0163ile publice \u015fi m\u0103suri necesare p\u00e2n\u0103 la aprobarea bugetului pentru 2026.<\/p>\n\n<p>\u201d\u00cen privin\u0163a m\u0103surilor de reducere a cheltuielor bugetare, notabile sunt reducerea subven\u0163iei pentru partidele politice \u015fi a sumelor acordate pentru minorit\u0103\u0163i, am\u00e2narea aplic\u0103rii unor m\u0103suri care ar fi generat cre\u015fteri suplimentare de cheltuieli bugetare \u00een domeniile de asisten\u0163\u0103 social\u0103, se modific\u0103 mecanisme de indexare pentru a asigura sustenabilitatea bugetar\u0103, actualiz\u0103ri prudente ale unor categorii de drepturi \u015fi servicii \u015fi, bine\u00een\u0163eles, se introduc reguli mai stricte de control al cheltuielilor \u015fi de responsabilitate financiar\u0103 la nivelul \u00eentreprinderilor publice\u201d, a precizat ministrul Finan\u0163elor.<\/p>\n<p>De asemenea, el a \u021binut s\u0103 precizeze faptul c\u0103 ordonan\u0163a vizeaz\u0103 m\u0103suri de relansare economic\u0103 \u015fi stimularea investi\u0163iilor.<\/p>\n<p>\u201dCea mai important\u0103 m\u0103sur\u0103 pe care aceast\u0103 ordonan\u0163i o con\u0163ine este cea de reducere a impozitului pe cifra de afaceri, de la 1% c\u00e2t eram prezent, la 0,5% pentru anul 2026, urmat\u0103 de eliminarea acestui impozit din 2027 \u015fi \u00eenlocuirea lui cu impozitul pe afilia\u0163i, impozit pe cheltuieli sensibile ale companiilor, astfel \u00eenc\u00e2t acest impozit s\u0103 nu mai fr\u00e2neze dezvoltarea, s\u0103 nu mai f\u0103neze investi\u0163iile de care o s\u0103 avem foarte mare nevoie pentru relansarea economic\u0103 \u00een 2026, ci s\u0103 le stimuleze\u201d, a declarant Nazare.<\/p>\n<p>\u00cen plus, oficialul a men\u021bionat c\u0103 se instituie o cot\u0103 unic\u0103 de 1% pentru micro-\u00eentreprinderi.<\/p>\n<p>\u201dNu vor mai pl\u0103ti 3%, vor pl\u0103ti 1% toate micro-\u00eenteprinderile sub 100.000 de euro. Este o m\u0103sur\u0103 care ajut\u0103 foarte mult antreprenorii, mici antreprenori, care au nevoie de lichidit\u0103\u0163i sau care au nevolie de resurse pentru dezvoltare \u00een 2026.<\/p>\n<p>Este, de asemenea, o m\u0103sur\u0103 de simplificare foarte important\u0103, pentru c\u0103 \u00een 2026 ar fi operat dou\u0103 cote pentru micro-\u00eentreprinderi. Era \u015fi foarte greu de operat, p\u00e2n\u0103 la 60.000 de euro \u015fi \u00eentre 60.000 de euro \u015fi 100.000 de euro \u015fi cred c\u0103 aceast\u0103 m\u0103sur\u0103 este binevenit\u0103 \u00een zona de micro-\u00eenterprinderi ca s\u0103 avem o propor\u0163ie corect\u0103 potrivit\u0103 \u00eentre m\u0103surile care \u00eei privesc mari companii \u015fi m\u0103surilor care \u00een privesc pe antreprenori sau micii antreprenorii\u201d, a ad\u0103ugat Nazare.<\/p>\n<p>Potrivit lui se elimin\u0103, din 2027, taxa pe construc\u0163ii, denumit\u0103 \u015fi tax\u0103 de st\u00e2lp.<\/p>\n<p>\u201dO m\u0103sur\u0103 foarte important\u0103 pentru c\u0103 face parte din categoria de eliminare a fr\u00e2nelor \u00een calea investi\u0163iilor \u015fi toate aceste impozite, tipuri de impozite nu f\u0103ceau altceva dec\u00e2t s\u0103 fr\u00e2neze dezvoltarea \u015fi investi\u0163iile\u201d, a ad\u0103ugat ministrul Finan\u0163elor.\u0218eful de la Finan\u021be a mai anun\u021bat \u0219i m\u0103suri care privesc consolidarea digitaliz\u0103rii prin extinderea \u015fi clarificarea anumitor prevederi din e-factura.<\/p>\n<p>\u201dAm clarificat modul \u00een care se vor face deconturile de TVA \u015fi deconturilor precompletate, chestiuni foarte importante pe care le-am f\u0103cut \u00eentr-o str\u00e2ns\u0103 consultare cu mediul de business (\u2026) Toate aceste m\u0103suri sunt importante \u015fi sunt un preambul \u00eenainte de adoptarea bugetului din 2026\u201d, a mai afirmat ministrul Nazare.<\/p>\n<p>Totodat\u0103, Alexandru Nazare a anun\u021bat m\u0103suri pentru sprijinirea persoanelor vulnerabile.<\/p>\n<p>\u201dVorbim de o perspectiv\u0103 pentru consumatorul vulnerabil care se prelunge\u015fte \u00een 2026. Ordonan\u0163a a fost adoptat\u0103 \u00een cursul acestui an, se va prelungi \u015fi pentru anul viitor. De asemenea, am instituit reguli pentru continuarea programului Mas\u0103 S\u0103n\u0103toas\u0103 p\u00e2n\u0103 la aprobarea bugetului pe 2026. De asemenea, avem m\u0103suri de sprijin pentru autorit\u0103\u0163ile publice locale\u201d, a afirmat ministrul, preciz\u00e2nd c\u0103 se refer\u0103 la \u00eemprumuturi din Trezorerie pentru proiectele din PNRR.<\/p>\n<p>Ministrul de Finan\u021be a afirmat c\u0103 OUG \u00a0a creat posibilitatea pentru autorit\u0103\u0163ile locale s\u0103 func\u0163ioneze p\u00e2n\u0103 la aprobarea bugetului pe 2026.<\/p>\n<p>\u201dE foarte important de spus c\u0103 a fost o munc\u0103 deosebit\u0103 pentru elaborarea acestei ordonan\u0163e. A\u015f vrea s\u0103 le mul\u0163umesc tuturor colegilor din celelalte ministere care al\u0103turi de noi au muncit la elaborarea ei. Din punctul meu de vedere e o ordonan\u0163\u0103 care aduce \u015fi ve\u015fti bune, \u00een special ve\u015fti bune pentru 2026, un an la care privim cu mult mai mult\u0103 \u00eencredere, av\u00e2nd \u00een vedere datele economice la zi pe care le avem ast\u0103zi \u015fi evolu\u0163iei execu\u0163ieii bugetare\u201d, a conchis ministrul Nazare.<\/p>\n<p>Guvernul\u00a0s-a reunit mar\u0163i \u00een \u015fedin\u0163a s\u0103pt\u0103m\u00e2nal\u0103, devansat\u0103 cu dou\u0103 zile, av\u00e2nd \u00een vedere liberele de Cr\u0103ciun. <a href=\"https:\/\/www.realitatea.net\/stiri\/actual\/guvernul-se-reuneste-azi-pentru-adoptarea-ordonantei-trenulet-bolojan-vine-cu-noi-suprize-neplacute_694a341e58381724b4102452\" target=\"_blank\">Ordonan\u0163a\u00a0\u201etrenule\u0163\u201d<\/a>\u00a0a fost pe ordinea de zi.<\/p>\n<p>Potrivit unui comunicat al ministerului, ordonan\u0163a de urgen\u0163\u0103 care reglementeaz\u0103 un set de m\u0103suri necesare pentru elaborarea bugetului pe anul 2026, c\u00e2t \u015fi o serie de m\u0103suri strategice pentru anul urm\u0103tor are ca scop stimularea economiei Rom\u00e2niei, sprijinirea angaja\u0163ilor vulnerabili, reducerea de cheltuieli bugetare, consolidarea disciplinei financiare \u015fi sprijinirea autorit\u0103\u0163ilor publice locale prin acordarea de \u00eemprumuturi din trezorerie.<\/p>","protected":false},"excerpt":{"rendered":"<p>\u201dOrdonan\u0163a a avut c\u00e2teva capitole pe care a\u015f vrea s\u0103 s\u0103 le trec \u00een revist\u0103.&hellip;<\/p>\n","protected":false},"author":0,"featured_media":53722,"comment_status":"open","ping_status":"open","sticky":false,"template":"","format":"standard","meta":{"footnotes":""},"categories":[2],"tags":[],"class_list":["post-53730","post","type-post","status-publish","format-standard","has-post-thumbnail","hentry","category-actual"],"_links":{"self":[{"href":"https:\/\/247stiri.ro\/index.php\/wp-json\/wp\/v2\/posts\/53730","targetHints":{"allow":["GET"]}}],"collection":[{"href":"https:\/\/247stiri.ro\/index.php\/wp-json\/wp\/v2\/posts"}],"about":[{"href":"https:\/\/247stiri.ro\/index.php\/wp-json\/wp\/v2\/types\/post"}],"replies":[{"embeddable":true,"href":"https:\/\/247stiri.ro\/index.php\/wp-json\/wp\/v2\/comments?post=53730"}],"version-history":[{"count":0,"href":"https:\/\/247stiri.ro\/index.php\/wp-json\/wp\/v2\/posts\/53730\/revisions"}],"wp:featuredmedia":[{"embeddable":true,"href":"https:\/\/247stiri.ro\/index.php\/wp-json\/wp\/v2\/media\/53722"}],"wp:attachment":[{"href":"https:\/\/247stiri.ro\/index.php\/wp-json\/wp\/v2\/media?parent=53730"}],"wp:term":[{"taxonomy":"category","embeddable":true,"href":"https:\/\/247stiri.ro\/index.php\/wp-json\/wp\/v2\/categories?post=53730"},{"taxonomy":"post_tag","embeddable":true,"href":"https:\/\/247stiri.ro\/index.php\/wp-json\/wp\/v2\/tags?post=53730"}],"curies":[{"name":"wp","href":"https:\/\/api.w.org\/{rel}","templated":true}]}}