{"id":53731,"date":"2025-12-23T20:44:54","date_gmt":"2025-12-23T20:44:54","guid":{"rendered":"https:\/\/247stiri.ro\/index.php\/2025\/12\/23\/veste-buna-pentru-medicii-specialisti-ministrul-sanatatii-anunta-majorarea-punctului-in-ambulatoriu-din-2026\/"},"modified":"2025-12-23T20:44:54","modified_gmt":"2025-12-23T20:44:54","slug":"veste-buna-pentru-medicii-specialisti-ministrul-sanatatii-anunta-majorarea-punctului-in-ambulatoriu-din-2026","status":"publish","type":"post","link":"https:\/\/247stiri.ro\/index.php\/2025\/12\/23\/veste-buna-pentru-medicii-specialisti-ministrul-sanatatii-anunta-majorarea-punctului-in-ambulatoriu-din-2026\/","title":{"rendered":"Veste bun\u0103 pentru medicii speciali\u0219ti. Ministrul S\u0103n\u0103t\u0103\u021bii anun\u021b\u0103 majorarea punctului \u00een ambulatoriu din 2026"},"content":{"rendered":"<p>Ministrul S\u0103n\u0103t\u0103\u021bii, <a href=\"https:\/\/www.realitatea.net\/stiri\/sanatate\/guvernul-prelungeste-cumulul-pensiei-cu-salariul-si-in-2026-ministrul-sanatatii-avem-nevoie-de-experienta-in-sistemelecheie_694425cfcf71b6756a1cdb03\" target=\"_blank\">Alexandru Rogobete<\/a>, a anun\u021bat mar\u021bi sear\u0103 o decizie strategic\u0103 pentru sistemul medical rom\u00e2nesc: majorarea valorii punctului \u00een <a href=\"https:\/\/www.realitatea.net\/stiri\/actual\/program-medical-extins-ce-se-pregateste-pentru-ambulatoriile-de-specialitate-anuntul-ministrului-sanatatii_6944443b62e9555c9f4e8099\" target=\"_blank\">ambulatoriu<\/a> la 6,5 lei, \u00eencep\u00e2nd cu 1 ianuarie 2026. Aceast\u0103 m\u0103sur\u0103, salvat\u0103 \u00een urma unor negocieri intense dup\u0103 ce fusese ini\u021bial propus\u0103 pentru am\u00e2nare \u00een pachetul de m\u0103suri fiscale, are rolul de a oferi predictibilitate medicilor speciali\u0219ti \u0219i de a transforma ambulatoriul \u00eentr-un pilon real al preven\u021biei.<\/p>\n<p>Conform oficialului, \u00eent\u0103rirea acestui sector este esen\u021bial\u0103 pentru a evita aglomerarea inutil\u0103 a spitalelor. Ministrul a subliniat c\u0103 ambulatoriul nu trebuie privit ca o \u201eanex\u0103\u201d, ci ca structura capabil\u0103 s\u0103 rezolve problemele medicale \u00eenainte ca acestea s\u0103 devin\u0103 urgen\u021be, salv\u00e2nd astfel timp \u0219i resurse vitale pentru pacien\u021bi.<\/p>\n<p>120 de milioane de lei pe lun\u0103 au fost economisite prin eliminarea concediilor medicale \u201einventate\u201d<\/p>\n<p>Sursa fondurilor: Combaterea concediilor medicale fictive. O noutate important\u0103 \u00een discursul ministerial o reprezint\u0103 sursa de finan\u021bare pentru aceste investi\u021bii. Rogobete a explicat c\u0103 succesul negocierilor bugetare s-a bazat pe economiile majore realizate \u00een ultima perioad\u0103. Astfel, 120 de milioane de lei pe lun\u0103 au fost economisite prin eliminarea concediilor medicale \u201einventate\u201d. Ace\u0219ti bani sunt acum redirec\u021biona\u021bi c\u0103tre serviciile medicale efective \u0219i \u00eengrijirea bolnavilor. Corectarea acestor derapaje financiare a permis ministerului s\u0103 renun\u021be la prorogarea cre\u0219terii tarifelor \u0219i s\u0103 stabileasc\u0103 un calendar clar de implementare.<\/p>\n<p>Cite\u0219te \u0219i: <a href=\"https:\/\/www.realitatea.net\/stiri\/actual\/guvernul-aloca-19-miliarde-de-lei-din-fondul-de-rezerva-pentru-suplimentarea-bugetului-cnas-anuntul-ministrului-sanatatii_6943e1d40ec7981b0f22e79f\" target=\"_blank\">Guvernul aloc\u0103 1,9 miliarde de lei din Fondul de rezerv\u0103 pentru suplimentarea bugetului CNAS. Anun\u021bul ministrului S\u0103n\u0103t\u0103\u021bii<\/a><\/p>\n<p>\u201eNu sunt de acord s\u0103 lu\u0103m de la gura bolnavilor pentru a pl\u0103ti concedii inventate. Tocmai pentru c\u0103 am corectat aceste derapaje, ast\u0103zi ne permitem s\u0103 ne \u021binem de cuv\u00e2nt\u201d, a punctat Alexandru Rogobete, subliniind c\u0103 un sistem eficient se construie\u0219te pe date clare \u0219i sus\u021binere financiar\u0103 real\u0103, nu prin am\u00e2n\u0103ri repetate.<\/p>\n<p>Prin aceast\u0103 m\u0103sur\u0103, medicina de specialitate din ambulatoriu prime\u0219te, pentru prima dat\u0103, o direc\u021bie echilibrat\u0103 \u0219i stabilitatea necesar\u0103 pentru a func\u021biona corect pe termen lung.<\/p>","protected":false},"excerpt":{"rendered":"<p>Ministrul S\u0103n\u0103t\u0103\u021bii, Alexandru Rogobete, a anun\u021bat mar\u021bi sear\u0103 o decizie strategic\u0103 pentru sistemul medical rom\u00e2nesc:&hellip;<\/p>\n","protected":false},"author":0,"featured_media":53732,"comment_status":"open","ping_status":"open","sticky":false,"template":"","format":"standard","meta":{"footnotes":""},"categories":[2],"tags":[],"class_list":["post-53731","post","type-post","status-publish","format-standard","has-post-thumbnail","hentry","category-actual"],"_links":{"self":[{"href":"https:\/\/247stiri.ro\/index.php\/wp-json\/wp\/v2\/posts\/53731","targetHints":{"allow":["GET"]}}],"collection":[{"href":"https:\/\/247stiri.ro\/index.php\/wp-json\/wp\/v2\/posts"}],"about":[{"href":"https:\/\/247stiri.ro\/index.php\/wp-json\/wp\/v2\/types\/post"}],"replies":[{"embeddable":true,"href":"https:\/\/247stiri.ro\/index.php\/wp-json\/wp\/v2\/comments?post=53731"}],"version-history":[{"count":0,"href":"https:\/\/247stiri.ro\/index.php\/wp-json\/wp\/v2\/posts\/53731\/revisions"}],"wp:featuredmedia":[{"embeddable":true,"href":"https:\/\/247stiri.ro\/index.php\/wp-json\/wp\/v2\/media\/53732"}],"wp:attachment":[{"href":"https:\/\/247stiri.ro\/index.php\/wp-json\/wp\/v2\/media?parent=53731"}],"wp:term":[{"taxonomy":"category","embeddable":true,"href":"https:\/\/247stiri.ro\/index.php\/wp-json\/wp\/v2\/categories?post=53731"},{"taxonomy":"post_tag","embeddable":true,"href":"https:\/\/247stiri.ro\/index.php\/wp-json\/wp\/v2\/tags?post=53731"}],"curies":[{"name":"wp","href":"https:\/\/api.w.org\/{rel}","templated":true}]}}