{"id":53733,"date":"2025-12-23T20:44:54","date_gmt":"2025-12-23T20:44:54","guid":{"rendered":"https:\/\/247stiri.ro\/index.php\/2025\/12\/23\/incendiu-de-proportii-intr-o-primarie-din-judetul-caras-severin-10-persoane-au-fost-evacuate-video\/"},"modified":"2025-12-23T20:44:54","modified_gmt":"2025-12-23T20:44:54","slug":"incendiu-de-proportii-intr-o-primarie-din-judetul-caras-severin-10-persoane-au-fost-evacuate-video","status":"publish","type":"post","link":"https:\/\/247stiri.ro\/index.php\/2025\/12\/23\/incendiu-de-proportii-intr-o-primarie-din-judetul-caras-severin-10-persoane-au-fost-evacuate-video\/","title":{"rendered":"Incendiu de propor\u021bii \u00eentr-o prim\u0103rie din jude\u0163ul Cara\u015f-Severin. 10 persoane au fost evacuate &#8211; VIDEO"},"content":{"rendered":"<p>\u201dCu pu\u0163in timp \u00een urm\u0103, printr-un apel la num\u0103rul unic de urgen\u0163\u0103 112, pompierii militari c\u0103r\u0103\u015feni au fost alerta\u0163i cu privire la izbucnirea unui incendiu la etajul 1 al sediului Prim\u0103riei ora\u015fului Oravi\u0163a, acesta extinz\u00e2ndu-se ulterior \u015fi la etajul 2\u201d, anun\u0163\u0103, mar\u0163i sear\u0103, ISU Cara\u015f-Severin.<\/p>\n<p>La fa\u0163a locului intervin for\u0163e din cadrul Sec\u0163iei de Pompieri Oravi\u0163a, cu 2 autospeciale \u015fi 8 servan\u0163i, sprijinite de<\/p>\n<p>Deta\u015famentul de Pompieri Re\u015fi\u0163a, cu 2 echipaje \u015fi 2 autospeciale de interven\u0163ie.<\/p>\n<p>\u201dIncendiul se manifest\u0103 cu flac\u0103r\u0103 deschis\u0103, fiind localizat \u00een prezent. Aproximativ 10 muncitori, caza\u0163i temporar \u00een cl\u0103dire \u015fi care desf\u0103\u015furau lucr\u0103ri de renovare, au fost evacua\u0163i \u00een siguran\u0163\u0103\u201d, precizeaz\u0103 pompierii.<\/p>","protected":false},"excerpt":{"rendered":"<p>\u201dCu pu\u0163in timp \u00een urm\u0103, printr-un apel la num\u0103rul unic de urgen\u0163\u0103 112, pompierii militari&hellip;<\/p>\n","protected":false},"author":0,"featured_media":53734,"comment_status":"open","ping_status":"open","sticky":false,"template":"","format":"standard","meta":{"footnotes":""},"categories":[2],"tags":[],"class_list":["post-53733","post","type-post","status-publish","format-standard","has-post-thumbnail","hentry","category-actual"],"_links":{"self":[{"href":"https:\/\/247stiri.ro\/index.php\/wp-json\/wp\/v2\/posts\/53733","targetHints":{"allow":["GET"]}}],"collection":[{"href":"https:\/\/247stiri.ro\/index.php\/wp-json\/wp\/v2\/posts"}],"about":[{"href":"https:\/\/247stiri.ro\/index.php\/wp-json\/wp\/v2\/types\/post"}],"replies":[{"embeddable":true,"href":"https:\/\/247stiri.ro\/index.php\/wp-json\/wp\/v2\/comments?post=53733"}],"version-history":[{"count":0,"href":"https:\/\/247stiri.ro\/index.php\/wp-json\/wp\/v2\/posts\/53733\/revisions"}],"wp:featuredmedia":[{"embeddable":true,"href":"https:\/\/247stiri.ro\/index.php\/wp-json\/wp\/v2\/media\/53734"}],"wp:attachment":[{"href":"https:\/\/247stiri.ro\/index.php\/wp-json\/wp\/v2\/media?parent=53733"}],"wp:term":[{"taxonomy":"category","embeddable":true,"href":"https:\/\/247stiri.ro\/index.php\/wp-json\/wp\/v2\/categories?post=53733"},{"taxonomy":"post_tag","embeddable":true,"href":"https:\/\/247stiri.ro\/index.php\/wp-json\/wp\/v2\/tags?post=53733"}],"curies":[{"name":"wp","href":"https:\/\/api.w.org\/{rel}","templated":true}]}}