{"id":53737,"date":"2025-12-23T22:44:51","date_gmt":"2025-12-23T22:44:51","guid":{"rendered":"https:\/\/247stiri.ro\/index.php\/2025\/12\/23\/ministrul-finantelor-deficitul-inregistrat-in-luna-noiembrie-este-de-64-primele-consultari-pentru-elaborarea-bugetului-vor-incepe-in-ianuarie\/"},"modified":"2025-12-23T22:44:51","modified_gmt":"2025-12-23T22:44:51","slug":"ministrul-finantelor-deficitul-inregistrat-in-luna-noiembrie-este-de-64-primele-consultari-pentru-elaborarea-bugetului-vor-incepe-in-ianuarie","status":"publish","type":"post","link":"https:\/\/247stiri.ro\/index.php\/2025\/12\/23\/ministrul-finantelor-deficitul-inregistrat-in-luna-noiembrie-este-de-64-primele-consultari-pentru-elaborarea-bugetului-vor-incepe-in-ianuarie\/","title":{"rendered":"Ministrul Finan\u021belor: \u201dDeficitul \u00eenregistrat \u00een luna noiembrie este de 6,4%. Primele consult\u0103ri pentru elaborarea bugetului vor \u00eencepe \u00een ianuarie\u201d"},"content":{"rendered":"<p>\u201dE foarte important modul \u00een care vom pune bazele bugetului pentru 2026. Primele consult\u0103ri pentru elaborarea bugetului vor \u00eencepe \u00een ianuarie. \u00cen acel moment vom \u015fi anun\u0163a un calendar de aprobare a bugetului. A\u015f putea s\u0103 v\u0103 spun, \u00een preambul, \u00een privin\u0163a lunii noiembrie, dac\u0103 m\u0103 tot \u00eentreba\u0163i de execu\u0163ie, v\u0103 dau ve\u015fti bune \u00een privin\u0163a execu\u0163iei. \u00cenc\u0103 nu s-a publicat execu\u0163ia bugetar\u0103 pentru luna noiembrie, dar pot s\u0103 v\u0103 spun c\u0103 deficitul \u00eenregistrat \u00een noiembrie este 6,4% fa\u0163\u0103 de deficitul \u00eenregistrat anul trecut de 7,15%. Vorbim de 121 de miliarde aproximativ fa\u0163\u0103 de 125 c\u00e2te erau anul trecut. Practic, deficitul nominal este mai mic \u00een luna noiembrie cu aproximativ patru miliarde\u201d, a declarat <a href=\"https:\/\/www.realitatea.net\/stiri\/actual\/guvernul-bolojan-a-adoptat-asanumita-ordonantatrenulet-anuntul-ministrului-de-finante_694af674eb711547746249d2\" target=\"_blank\">Alexandru Nazare<\/a>, mar\u0163i, la finalul \u015fedin\u0163ei de Guvern.<\/p>\n<p>Oficialul a \u021binut s\u0103 precizeze faptul c\u0103 \u0163inta de deficit \u00een 2026 va fi \u00eentre 6 \u015fi 6,5%.<\/p>\n<p>\u201dPentru 2026, bine\u00een\u0163eles \u0163inta de deficit o vom anun\u0163a c\u00e2nd avem proiectat bugetul, dar se \u015ftie \u015fi am vorbit public despre asta c\u0103 va fi \u00eentre 6 \u015fi 6,5%. Cu c\u00e2t vom \u00eenainta \u00een elaborarea bugetului, vom \u015fti exact care va fi \u015fi cifra final\u0103 de deficit pentru 2026, oricum \u00een limitele pe care le-am agreat deja cu Comisia \u015fi sunt \u00een traiectoria fiscal-bugetar\u0103 agreat\u0103\u201d, a mai spus \u0219eful de la Finan\u021be.\u00a0<\/p>\n<p>\u00centrebat dac\u0103 vom putea vedea relaxate anumite m\u0103suri anul viitor dac\u0103 deficitul va ar\u0103ta bine \u00een continuare, Alexandru Nazare a r\u0103spuns: \u201d\u00cemi doresc foarte mult \u015fi am f\u0103cut eforturi deosebite astfel \u00eenc\u00e2t \u00a0\u00een aceast\u0103 ordonan\u0163\u0103 s\u0103 avem astfel de m\u0103suri. Pe m\u0103sur\u0103 ce vom face economii \u015fi pe m\u0103sur\u0103 ce vom putea s\u0103 reducem anumite cheltuieli, sper s\u0103 avem astfel de m\u0103suri. \u00cemi doresc foarte mult s\u0103 avem astfel de m\u0103suri, dar m\u0103suri care s\u0103 nu ne pun\u0103 \u00een pericol o stabilitate fiscal bugetar\u0103 foarte greu c\u00e2\u015ftigat\u0103\u201d.<\/p>","protected":false},"excerpt":{"rendered":"<p>\u201dE foarte important modul \u00een care vom pune bazele bugetului pentru 2026. Primele consult\u0103ri pentru&hellip;<\/p>\n","protected":false},"author":0,"featured_media":53738,"comment_status":"open","ping_status":"open","sticky":false,"template":"","format":"standard","meta":{"footnotes":""},"categories":[2],"tags":[],"class_list":["post-53737","post","type-post","status-publish","format-standard","has-post-thumbnail","hentry","category-actual"],"_links":{"self":[{"href":"https:\/\/247stiri.ro\/index.php\/wp-json\/wp\/v2\/posts\/53737","targetHints":{"allow":["GET"]}}],"collection":[{"href":"https:\/\/247stiri.ro\/index.php\/wp-json\/wp\/v2\/posts"}],"about":[{"href":"https:\/\/247stiri.ro\/index.php\/wp-json\/wp\/v2\/types\/post"}],"replies":[{"embeddable":true,"href":"https:\/\/247stiri.ro\/index.php\/wp-json\/wp\/v2\/comments?post=53737"}],"version-history":[{"count":0,"href":"https:\/\/247stiri.ro\/index.php\/wp-json\/wp\/v2\/posts\/53737\/revisions"}],"wp:featuredmedia":[{"embeddable":true,"href":"https:\/\/247stiri.ro\/index.php\/wp-json\/wp\/v2\/media\/53738"}],"wp:attachment":[{"href":"https:\/\/247stiri.ro\/index.php\/wp-json\/wp\/v2\/media?parent=53737"}],"wp:term":[{"taxonomy":"category","embeddable":true,"href":"https:\/\/247stiri.ro\/index.php\/wp-json\/wp\/v2\/categories?post=53737"},{"taxonomy":"post_tag","embeddable":true,"href":"https:\/\/247stiri.ro\/index.php\/wp-json\/wp\/v2\/tags?post=53737"}],"curies":[{"name":"wp","href":"https:\/\/api.w.org\/{rel}","templated":true}]}}