{"id":53747,"date":"2025-12-24T06:44:52","date_gmt":"2025-12-24T06:44:52","guid":{"rendered":"https:\/\/247stiri.ro\/index.php\/2025\/12\/24\/seful-statului-major-al-armatei-libiene-a-murit-intr-un-accident-aviatic-in-turcia-video\/"},"modified":"2025-12-24T06:44:52","modified_gmt":"2025-12-24T06:44:52","slug":"seful-statului-major-al-armatei-libiene-a-murit-intr-un-accident-aviatic-in-turcia-video","status":"publish","type":"post","link":"https:\/\/247stiri.ro\/index.php\/2025\/12\/24\/seful-statului-major-al-armatei-libiene-a-murit-intr-un-accident-aviatic-in-turcia-video\/","title":{"rendered":"\u0218eful Statului Major al armatei libiene a murit \u00eentr-un accident aviatic \u00een Turcia &#8211; VIDEO"},"content":{"rendered":"<p>Ministrul turc de Interne a precizat c\u0103 avionul a decolat de pe aeroportul Esenbo\u011fa din Ankara la ora 17:10 GMT, cu destina\u021bia Tripoli, iar leg\u0103tura radio s-a pierdut la ora 17:52 GMT. Epava aeronavei a fost descoperit\u0103 \u00een apropierea unui sat din provincia Ankara.<\/p>\n<p>Potrivit autorit\u0103\u021bilor turce, avionul \u2013 un jet de tip Dassault Falcon 50 \u2013 a solicitat o aterizare de urgen\u021b\u0103 \u00een timp ce survola zona Haymana, \u00eens\u0103 contactul radio nu a mai putut fi restabilit. Cauza accidentului nu este deocamdat\u0103 cunoscut\u0103. Aeronava era una \u00eenchiriat\u0103, \u00eenregistrat\u0103 \u00een Malta, iar autorit\u0103\u021bile nu de\u021bin \u00eenc\u0103 informa\u021bii suficiente despre istoricul tehnic sau proprietatea acesteia.<\/p>\n<p>Ministrul turc al Justi\u021biei a anun\u021bat c\u0103 a fost deschis\u0103 o anchet\u0103 pentru a stabili circumstan\u021bele pr\u0103bu\u0219irii.<\/p>\n<p>\u00cen urma tragediei, Guvernul de Uniune Na\u021bional\u0103 a anun\u021bat doliu na\u021bional de trei zile pe \u00eentreg teritoriul Libiei.<\/p>\n<p>Two days after Turkey extended its mandate regarding Libya, the jet carrying the Libyan Chief of General Staff and the Commander of the Land Forces was shot down through crashed following a loss of contact, I think it Is not a coincidence ? <a href=\"https:\/\/t.co\/25w8DFwAde\">https:\/\/t.co\/25w8DFwAde<\/a><\/p>\n<p>\u2014 Muhammed Faisal (@Intl_Mediatior) <a href=\"https:\/\/twitter.com\/Intl_Mediatior\/status\/2003570356393844984?ref_src=twsrc%5Etfw\">December 23, 2025<\/a><\/p>\n<p>\u00a0<\/p>","protected":false},"excerpt":{"rendered":"<p>Ministrul turc de Interne a precizat c\u0103 avionul a decolat de pe aeroportul Esenbo\u011fa din&hellip;<\/p>\n","protected":false},"author":0,"featured_media":53748,"comment_status":"open","ping_status":"open","sticky":false,"template":"","format":"standard","meta":{"footnotes":""},"categories":[4],"tags":[],"class_list":["post-53747","post","type-post","status-publish","format-standard","has-post-thumbnail","hentry","category-extern"],"_links":{"self":[{"href":"https:\/\/247stiri.ro\/index.php\/wp-json\/wp\/v2\/posts\/53747","targetHints":{"allow":["GET"]}}],"collection":[{"href":"https:\/\/247stiri.ro\/index.php\/wp-json\/wp\/v2\/posts"}],"about":[{"href":"https:\/\/247stiri.ro\/index.php\/wp-json\/wp\/v2\/types\/post"}],"replies":[{"embeddable":true,"href":"https:\/\/247stiri.ro\/index.php\/wp-json\/wp\/v2\/comments?post=53747"}],"version-history":[{"count":0,"href":"https:\/\/247stiri.ro\/index.php\/wp-json\/wp\/v2\/posts\/53747\/revisions"}],"wp:featuredmedia":[{"embeddable":true,"href":"https:\/\/247stiri.ro\/index.php\/wp-json\/wp\/v2\/media\/53748"}],"wp:attachment":[{"href":"https:\/\/247stiri.ro\/index.php\/wp-json\/wp\/v2\/media?parent=53747"}],"wp:term":[{"taxonomy":"category","embeddable":true,"href":"https:\/\/247stiri.ro\/index.php\/wp-json\/wp\/v2\/categories?post=53747"},{"taxonomy":"post_tag","embeddable":true,"href":"https:\/\/247stiri.ro\/index.php\/wp-json\/wp\/v2\/tags?post=53747"}],"curies":[{"name":"wp","href":"https:\/\/api.w.org\/{rel}","templated":true}]}}