{"id":53792,"date":"2025-12-24T10:45:30","date_gmt":"2025-12-24T10:45:30","guid":{"rendered":"https:\/\/247stiri.ro\/index.php\/2025\/12\/24\/nicusor-dan-i-a-primit-pe-colidatori-la-palatul-cotroceni-seful-statului-nu-a-renuntat-la-carnetel-nici-cand-i-a-aplaudat-pe-oaspeti-video\/"},"modified":"2025-12-24T10:45:30","modified_gmt":"2025-12-24T10:45:30","slug":"nicusor-dan-i-a-primit-pe-colidatori-la-palatul-cotroceni-seful-statului-nu-a-renuntat-la-carnetel-nici-cand-i-a-aplaudat-pe-oaspeti-video","status":"publish","type":"post","link":"https:\/\/247stiri.ro\/index.php\/2025\/12\/24\/nicusor-dan-i-a-primit-pe-colidatori-la-palatul-cotroceni-seful-statului-nu-a-renuntat-la-carnetel-nici-cand-i-a-aplaudat-pe-oaspeti-video\/","title":{"rendered":"Nicu\u0219or Dan i-a primit pe colid\u0103tori la Palatul Cotroceni. \u0218eful statului nu a renun\u021bat la carne\u021bel nici c\u00e2nd i-a aplaudat pe oaspe\u021bi &#8211; VIDEO"},"content":{"rendered":"<p>\u0218eful statului i-a \u00eent\u00e2mpinat pe ace\u0219tia la Palatul Cotroceni al\u0103turi de Mirabela Gr\u0103dinaru \u0219i cei doi copiii ai lor.<\/p>\n<p>Colind\u0103torii i-au adus pre\u0219edintelui o c\u0103ciul\u0103 specific\u0103 zonei, col\u0103cei, iar pre\u0219edintele nici nu a putut s\u0103 \u00eei aplaude pentru c\u0103 \u021binea \u00een m\u00e2n\u0103 celebrul carne\u021bel despre care spune c\u0103 \u00eei poart\u0103 noroc.\u00a0<\/p>\n\n<p>Cine au fost colind\u0103torii<\/p>\n<p>Colindele \u0219i tradi\u021biile Zonei Codru au adus spiritul autentic al S\u0103tmarului \u00een inima Palatului Cotroceni, unde Ansamblurile \u201eCununi\u021ba\u201d \u0219i \u201eCununi\u021ba N\u0103zdr\u0103van\u0103\u201d au sus\u021binut un program artistic de excep\u021bie, la invita\u021bia Pre\u0219edintelui Rom\u00e2niei, Nicu\u0219or Dan. Pentru mul\u021bi dintre participan\u021bi, momentul a reprezentat prima \u00eent\u00e2lnire oficial\u0103 cu scena preziden\u021bial\u0103, iar emo\u021bia a fost amplificat\u0103 de prezen\u021ba unor personalit\u0103\u021bi precum Emilia Zamfira Groso\u0219, Tezaur Uman Viu, \u0219i etnologul Iosif Ciunterei, care au contribuit la conturarea unei atmosfere \u00eenc\u0103rcate de tradi\u021bie \u0219i autenticitate. Evenimentul a reunit copii, tineri \u0219i adul\u021bi din jude\u021bul Satu Mare, coordona\u021bi de Leontina Dorca \u0219i Maria Carmen Sas, oferind publicului colinde \u0219i obiceiuri care definesc identitatea cultural\u0103 a Zonei Codru.<\/p>\n<p>Pentru Robert Laszlo, managerul Centrului Jude\u021bean pentru Conservarea \u0219i Promovarea Culturii Tradi\u021bionale Satu Mare, participarea a avut o semnifica\u021bie aparte, fiind a treia prezen\u021b\u0103 la Palatul Cotroceni \u00een acest an. \u201eEste o emo\u021bie aparte s\u0103 revin la Palatul Cotroceni cu tradi\u021biile noastre. Fiecare participare este o confirmare a muncii continue pe care o desf\u0103\u0219ur\u0103m pentru p\u0103strarea \u0219i promovarea folclorului autentic al Zonei Codru. Sunt m\u00e2ndru c\u0103 acest efort este recunoscut la cel mai \u00eenalt nivel, iar s\u0103tm\u0103renii no\u0219tri duc mai departe zestrea cultural\u0103 cu respect \u0219i bucurie\u201d, a declarat acesta. Momentul a fost completat de cozonacii \u0219i produsele tradi\u021bionale oferite de brut\u0103ria din Pomi, precum \u0219i de acompaniamentul tarafului condus de Emanuel Silaghi, care au adus un plus de savoare \u0219i autenticitate unei seri dedicate patrimoniului cultural rom\u00e2nesc.<\/p>\n<p><a title=\"Nicusor Dan, atac la Donald Trump. Relatie rece cu SUA\" href=\"https:\/\/www.realitatea.net\/stiri\/politica\/nicusor-dan-atac-la-donald-trump-relatie-rece-cu-sua_694971022b5d2722d52fb779\">Nicu\u0219or Dan, atac la Donald Trump. Rela\u021bie rece cu SUA<\/a><\/p>","protected":false},"excerpt":{"rendered":"<p>\u0218eful statului i-a \u00eent\u00e2mpinat pe ace\u0219tia la Palatul Cotroceni al\u0103turi de Mirabela Gr\u0103dinaru \u0219i cei&hellip;<\/p>\n","protected":false},"author":0,"featured_media":53793,"comment_status":"open","ping_status":"open","sticky":false,"template":"","format":"standard","meta":{"footnotes":""},"categories":[2],"tags":[],"class_list":["post-53792","post","type-post","status-publish","format-standard","has-post-thumbnail","hentry","category-actual"],"_links":{"self":[{"href":"https:\/\/247stiri.ro\/index.php\/wp-json\/wp\/v2\/posts\/53792","targetHints":{"allow":["GET"]}}],"collection":[{"href":"https:\/\/247stiri.ro\/index.php\/wp-json\/wp\/v2\/posts"}],"about":[{"href":"https:\/\/247stiri.ro\/index.php\/wp-json\/wp\/v2\/types\/post"}],"replies":[{"embeddable":true,"href":"https:\/\/247stiri.ro\/index.php\/wp-json\/wp\/v2\/comments?post=53792"}],"version-history":[{"count":0,"href":"https:\/\/247stiri.ro\/index.php\/wp-json\/wp\/v2\/posts\/53792\/revisions"}],"wp:featuredmedia":[{"embeddable":true,"href":"https:\/\/247stiri.ro\/index.php\/wp-json\/wp\/v2\/media\/53793"}],"wp:attachment":[{"href":"https:\/\/247stiri.ro\/index.php\/wp-json\/wp\/v2\/media?parent=53792"}],"wp:term":[{"taxonomy":"category","embeddable":true,"href":"https:\/\/247stiri.ro\/index.php\/wp-json\/wp\/v2\/categories?post=53792"},{"taxonomy":"post_tag","embeddable":true,"href":"https:\/\/247stiri.ro\/index.php\/wp-json\/wp\/v2\/tags?post=53792"}],"curies":[{"name":"wp","href":"https:\/\/api.w.org\/{rel}","templated":true}]}}