{"id":53828,"date":"2025-12-24T13:46:29","date_gmt":"2025-12-24T13:46:29","guid":{"rendered":"https:\/\/247stiri.ro\/index.php\/2025\/12\/24\/cea-mai-bine-vanduta-marca-de-masini-din-europa-liderul-ramane-imposibil-de-detronat-in-timp-ce-tesla-pierde-teren\/"},"modified":"2025-12-24T13:46:29","modified_gmt":"2025-12-24T13:46:29","slug":"cea-mai-bine-vanduta-marca-de-masini-din-europa-liderul-ramane-imposibil-de-detronat-in-timp-ce-tesla-pierde-teren","status":"publish","type":"post","link":"https:\/\/247stiri.ro\/index.php\/2025\/12\/24\/cea-mai-bine-vanduta-marca-de-masini-din-europa-liderul-ramane-imposibil-de-detronat-in-timp-ce-tesla-pierde-teren\/","title":{"rendered":"Cea mai bine v\u00e2ndut\u0103 marc\u0103 de ma\u0219ini din Europa. Liderul r\u0103m\u00e2ne imposibil de detronat, \u00een timp ce Tesla pierde teren"},"content":{"rendered":"<p>P\u00e2n\u0103 la finalul lunii noiembrie, \u00een Uniunea European\u0103 au fost \u00eenmatriculate aproape 9,9 milioane de ma\u0219ini noi, o cre\u0219tere de 1,4% fa\u021b\u0103 de anul precedent. Chiar \u0219i a\u0219a, nivelul r\u0103m\u00e2ne sub cel din perioada pre\u2011pandemic\u0103.<\/p>\n<p>Spania a \u00eenregistrat cea mai mare cre\u0219tere, dep\u0103\u0219ind pragul de un milion de autoturisme v\u00e2ndute, \u00een timp ce Germania a avut un avans modest, de 0,7%. Italia \u0219i Fran\u021ba au raportat sc\u0103deri ale v\u00e2nz\u0103rilor \u00een primele 11 luni ale anului.\u00a0<\/p>\n<p>Volkswagen \u00ee\u0219i consolideaz\u0103 pozi\u021bia de lider<\/p>\n<p>\u00cen clasamentul produc\u0103torilor, Volkswagen r\u0103m\u00e2ne de departe cea mai bine v\u00e2ndut\u0103 marc\u0103 din Europa. Grupul german, care include Volkswagen, Audi, Skoda, Seat, Cupra \u0219i Porsche, a \u00eenregistrat o cre\u0219tere de 5% a v\u00e2nz\u0103rilor. Diversitatea gamei \u0219i prezen\u021ba puternic\u0103 \u00een toate segmentele au consolidat pozi\u021bia grupului ca lider incontestabil.<\/p>\n<p>Renault a avut o evolu\u021bie chiar mai bun\u0103, cu o cre\u0219tere de 6,5%, iar BMW a raportat un avans de 6,1%, semn c\u0103 produc\u0103torii europeni tradi\u021bionali reu\u0219esc s\u0103 se adapteze la schimb\u0103rile pie\u021bei.<\/p>\n<p>Tesla pierde cot\u0103 de pia\u021b\u0103<\/p>\n<p>\u00cen timp ce Volkswagen c\u00e2\u0219tig\u0103 teren, Tesla se confrunt\u0103 cu o sc\u0103dere a \u00eenmatricul\u0103rilor \u0219i pierde cot\u0103 de pia\u021b\u0103. De\u0219i segmentul ma\u0219inilor electrice este \u00een cre\u0219tere, concuren\u021ba tot mai puternic\u0103 din partea produc\u0103torilor europeni \u0219i asiatici pune presiune pe marca american\u0103. Rezultatele mai slabe ale Tesla contrasteaz\u0103 puternic cu avansul Volkswagen, care reu\u0219e\u0219te s\u0103 domine at\u00e2t segmentul tradi\u021bional, c\u00e2t \u0219i pe cel electric.<\/p>\n<p>Produc\u0103tori care se confrunt\u0103 cu sc\u0103deri<\/p>\n<p>Nu to\u021bi juc\u0103torii au avut un an favorabil. Stellantis, grupul care reune\u0219te m\u0103rci precum Opel, Peugeot \u0219i Fiat, a \u00eenregistrat o sc\u0103dere de 5,5%. Rezultate mai slabe au raportat \u0219i Hyundai, Toyota \u0219i Ford, semn c\u0103 presiunea concuren\u021bei \u0219i schimb\u0103rile din preferin\u021bele consumatorilor afecteaz\u0103 puternic anumite segmente ale pie\u021bei, relateaz\u0103\u00a0<a href=\"https:\/\/www.t-online.de\/mobilitaet\/aktuelles\/id_101055950\/meistverkaufte-autos-in-europa-im-november-vw-legt-zu-tesla-verliert.html\">TOnline.de<\/a>.<\/p>\n<p>Volkswagen, un lider greu de ajuns din urm\u0103<\/p>\n<p>\u00centr\u2011o pia\u021b\u0103 aflat\u0103 \u00een plin\u0103 transformare, Volkswagen r\u0103m\u00e2ne marca preferat\u0103 a europenilor. Cu o strategie solid\u0103, o gam\u0103 variat\u0103 \u0219i o prezen\u021b\u0103 puternic\u0103 \u00een toate segmentele, grupul german \u00ee\u0219i p\u0103streaz\u0103 avansul \u0219i r\u0103m\u00e2ne un reper \u00eentr\u2011un an marcat de schimb\u0103ri majore \u00een industria auto.<\/p>\n<p><a title=\"Anunt pentru soferi: Ford recheama in service aproape 600 de vehicule fabricate la Craiova. A fost anuntat un posibil defect la sistemul de franare\" href=\"https:\/\/www.realitatea.net\/stiri\/actual\/anunt-pentru-soferi-ford-recheama-in-service-aproape-600-de-vehicule-fabricate-la-craiova-a-fost-anuntat-un-posibil-defect-la-sistemul-de-franare_694526950b73d4488d501442\">Anun\u021b pentru \u0219oferi: Ford recheam\u0103 \u00een service aproape 600 de vehicule fabricate la Craiova. A fost anun\u021bat un posibil defect la sistemul de fr\u00e2nare<\/a><\/p>","protected":false},"excerpt":{"rendered":"<p>P\u00e2n\u0103 la finalul lunii noiembrie, \u00een Uniunea European\u0103 au fost \u00eenmatriculate aproape 9,9 milioane de&hellip;<\/p>\n","protected":false},"author":0,"featured_media":53829,"comment_status":"open","ping_status":"open","sticky":false,"template":"","format":"standard","meta":{"footnotes":""},"categories":[2],"tags":[],"class_list":["post-53828","post","type-post","status-publish","format-standard","has-post-thumbnail","hentry","category-actual"],"_links":{"self":[{"href":"https:\/\/247stiri.ro\/index.php\/wp-json\/wp\/v2\/posts\/53828","targetHints":{"allow":["GET"]}}],"collection":[{"href":"https:\/\/247stiri.ro\/index.php\/wp-json\/wp\/v2\/posts"}],"about":[{"href":"https:\/\/247stiri.ro\/index.php\/wp-json\/wp\/v2\/types\/post"}],"replies":[{"embeddable":true,"href":"https:\/\/247stiri.ro\/index.php\/wp-json\/wp\/v2\/comments?post=53828"}],"version-history":[{"count":0,"href":"https:\/\/247stiri.ro\/index.php\/wp-json\/wp\/v2\/posts\/53828\/revisions"}],"wp:featuredmedia":[{"embeddable":true,"href":"https:\/\/247stiri.ro\/index.php\/wp-json\/wp\/v2\/media\/53829"}],"wp:attachment":[{"href":"https:\/\/247stiri.ro\/index.php\/wp-json\/wp\/v2\/media?parent=53828"}],"wp:term":[{"taxonomy":"category","embeddable":true,"href":"https:\/\/247stiri.ro\/index.php\/wp-json\/wp\/v2\/categories?post=53828"},{"taxonomy":"post_tag","embeddable":true,"href":"https:\/\/247stiri.ro\/index.php\/wp-json\/wp\/v2\/tags?post=53828"}],"curies":[{"name":"wp","href":"https:\/\/api.w.org\/{rel}","templated":true}]}}