{"id":5383,"date":"2024-11-07T10:47:31","date_gmt":"2024-11-07T10:47:31","guid":{"rendered":"https:\/\/247stiri.ro\/index.php\/2024\/11\/07\/catalin-predoiu-pnl-il-contrazice-pe-marcel-ciolacu-cu-privire-la-aderarea-romaniei-la-spatiul-schengen-terestru-inca-se-poarta-negocieri\/"},"modified":"2024-11-07T10:47:31","modified_gmt":"2024-11-07T10:47:31","slug":"catalin-predoiu-pnl-il-contrazice-pe-marcel-ciolacu-cu-privire-la-aderarea-romaniei-la-spatiul-schengen-terestru-inca-se-poarta-negocieri","status":"publish","type":"post","link":"https:\/\/247stiri.ro\/index.php\/2024\/11\/07\/catalin-predoiu-pnl-il-contrazice-pe-marcel-ciolacu-cu-privire-la-aderarea-romaniei-la-spatiul-schengen-terestru-inca-se-poarta-negocieri\/","title":{"rendered":"C\u0103t\u0103lin Predoiu (PNL) \u00eel contrazice pe Marcel Ciolacu cu privire la aderarea Rom\u00e2niei la spa\u021biul Schengen terestru: \u201e\u00cenc\u0103 se poart\u0103 negocieri\u201d"},"content":{"rendered":"<p>\u201eDiscu\u0163iile privind aderarea Rom\u00e2niei \u015fi Bulgariei la Spa\u0163iul Schengen cu mini\u015ftrii de Interne din statele membre UE, \u00een primul r\u00e2nd cu colegii mini\u015ftri din Austria, Ungaria \u015fi Bulgaria au continuat permanent pe toat\u0103 durata acestui an at\u00e2t \u00een formate oficiale, c\u00e2t \u015fi \u00een cadrul unor \u00eent\u00e2lniri informale, la Viena, Budapesta, Sofia \u015fi Bruxelles. De asemenea, am \u0163inut permanent leg\u0103tura cu comisarul Ylva Johansson, cu al\u0163i oficiali europeni, dar \u015fi cu noul comisar Magnus Brunner, \u00eempreun\u0103 cu care am avut o prim\u0103 discu\u0163ie la Viena \u00eenc\u0103 din luna septembrie.<\/p>\n<p>Salut pozi\u0163ia domnului comisar Magnus Brunner exprimat\u0103 recent la audierile din Parlamentul European, \u00een cadrul c\u0103rora a exprimat sprijinul pentru aderarea Rom\u00e2niei \u015fi Bulgariei la Spa\u0163iul Schengen cu frontiera terestr\u0103, c\u00e2t mai rapid cu putin\u0163\u0103. Aceste demersuri au avut \u015fi au un caracter continuu din partea mea \u015fi a echipei mele, \u00een acest sens, recent am avut o substan\u0163ial\u0103 \u00eent\u00e2lnire de lucru cu noul ministru francez de Interne, Bruce Retailleau, la Paris, \u00een urma c\u0103reia Fran\u0163a a reiterat sprijinul pentru intrarea RO \u015fi BG \u00een Spa\u0163iul Schengen, deplin, inclusiv cu frontiera terestr\u0103, c\u00e2t mai rapid cu putin\u0163\u0103.<\/p>\n<p>Toate aceste discu\u0163ii au decurs foarte bine \u015fi constructiv pentru procesul de aderare, dar \u015fi pentru consolidarea frontierelor \u015fi combaterea migra\u0163iei ilegale\u201d, a informat Predoiu \u00eentr-un comunicat de pres\u0103.<\/p>\n<p>Ministrul a precizat c\u0103 discu\u0163iile \u015fi negocierile \u201esunt \u00eenc\u0103 \u00een curs, sunt constructive \u015fi cu o bun\u0103 perspectiv\u0103\u201d, dar c\u0103 nu exist\u0103 \u201edeocamdat\u0103 o decizie formal\u0103 luat\u0103 la nivelul Consiliului JAI sau la nivelul ministerelor de Interne\u201d.<\/p>\n<p>\u201eDe asemenea, a\u015f vrea s\u0103 subliniez faptul c\u0103 cel mai bun semnal public pe care \u00eel putem da \u00een contextul acestor negocieri este faptul c\u0103 Rom\u00e2nia va continua s\u0103 acorde sprijin politic, legal, institu\u0163ional pentru protec\u0163ia frontierelor \u015fi s\u0103 dezvolte continuu capacitatea de combatere a migra\u0163iei ilegale.<\/p>\n<p>Rom\u00e2nia va fi gata s\u0103 ia toate m\u0103surile pentru protec\u0163ia frontierelor sale \u015fi dup\u0103 admiterea \u00een Spa\u0163iul Schengen cu frontierele terestre \u015fi s\u0103 aplice toate procedurile Schengen la frontierele sale, inclusiv instituirea de controale, atunci c\u00e2nd se impun, precum \u015fi aplicarea unor politici foarte eficiente \u00een materie de azil \u015fi return\u0103ri\u201d, a men\u0163ionat Predoiu.<\/p>","protected":false},"excerpt":{"rendered":"<p>\u201eDiscu\u0163iile privind aderarea Rom\u00e2niei \u015fi Bulgariei la Spa\u0163iul Schengen cu mini\u015ftrii de Interne din statele&hellip;<\/p>\n","protected":false},"author":0,"featured_media":5379,"comment_status":"open","ping_status":"open","sticky":false,"template":"","format":"standard","meta":{"footnotes":""},"categories":[2],"tags":[],"class_list":["post-5383","post","type-post","status-publish","format-standard","has-post-thumbnail","hentry","category-actual"],"_links":{"self":[{"href":"https:\/\/247stiri.ro\/index.php\/wp-json\/wp\/v2\/posts\/5383","targetHints":{"allow":["GET"]}}],"collection":[{"href":"https:\/\/247stiri.ro\/index.php\/wp-json\/wp\/v2\/posts"}],"about":[{"href":"https:\/\/247stiri.ro\/index.php\/wp-json\/wp\/v2\/types\/post"}],"replies":[{"embeddable":true,"href":"https:\/\/247stiri.ro\/index.php\/wp-json\/wp\/v2\/comments?post=5383"}],"version-history":[{"count":0,"href":"https:\/\/247stiri.ro\/index.php\/wp-json\/wp\/v2\/posts\/5383\/revisions"}],"wp:featuredmedia":[{"embeddable":true,"href":"https:\/\/247stiri.ro\/index.php\/wp-json\/wp\/v2\/media\/5379"}],"wp:attachment":[{"href":"https:\/\/247stiri.ro\/index.php\/wp-json\/wp\/v2\/media?parent=5383"}],"wp:term":[{"taxonomy":"category","embeddable":true,"href":"https:\/\/247stiri.ro\/index.php\/wp-json\/wp\/v2\/categories?post=5383"},{"taxonomy":"post_tag","embeddable":true,"href":"https:\/\/247stiri.ro\/index.php\/wp-json\/wp\/v2\/tags?post=5383"}],"curies":[{"name":"wp","href":"https:\/\/api.w.org\/{rel}","templated":true}]}}