{"id":53831,"date":"2025-12-24T14:46:43","date_gmt":"2025-12-24T14:46:43","guid":{"rendered":"https:\/\/247stiri.ro\/index.php\/2025\/12\/24\/gestul-neasteptat-al-lui-nicki-minaj-dupa-pierderea-a-milioane-de-urmaritori-fanii-luati-prin-surprindere\/"},"modified":"2025-12-24T14:46:43","modified_gmt":"2025-12-24T14:46:43","slug":"gestul-neasteptat-al-lui-nicki-minaj-dupa-pierderea-a-milioane-de-urmaritori-fanii-luati-prin-surprindere","status":"publish","type":"post","link":"https:\/\/247stiri.ro\/index.php\/2025\/12\/24\/gestul-neasteptat-al-lui-nicki-minaj-dupa-pierderea-a-milioane-de-urmaritori-fanii-luati-prin-surprindere\/","title":{"rendered":"Gestul nea\u0219teptat al lui Nicki Minaj dup\u0103 pierderea a milioane de urm\u0103ritori: fanii, lua\u021bi prin surprindere"},"content":{"rendered":"<p>Potrivit presei interna\u021bionale, totul a pornit dup\u0103 apari\u021bia c\u00e2nt\u0103re\u021bei la un eveniment organizat de Turning Point USA, unde aceasta \u0219i-a exprimat deschis opiniile politice \u0219i \u0219i-a declarat sus\u021binerea pentru pre\u0219edinte american Donald J. Trump, dar \u0219i pentru activistul conservator Charlie Kirk. Declara\u021biile au provocat nemul\u021bumiri puternice \u00een r\u00e2ndul unei p\u0103r\u021bi semnificative a comunit\u0103\u021bii sale online.<\/p>\n<p>Apari\u021bia care a declan\u0219at reac\u021bii \u00een lan\u021b<\/p>\n<p><a href=\"https:\/\/www.realitatea.net\/stiri\/actual\/nicki-minaj-nu-ajunge-la-saga-festival-mesajul-artistei-pentru-fanii-care-au-cumparat-toate-biletele_668ae403958b3246531dca92\" target=\"_blank\">Nicki Minaj<\/a> a fost prezent\u0103 pe 21 decembrie la AmericaFest, eveniment organizat de TPUSA, unde a participat la o sesiune de discu\u021bii al\u0103turi de Erika Kirk, v\u0103duva lui Charlie Kirk. \u00cen interven\u021biile sale, artista a criticat administra\u021bia din California, f\u0103c\u00e2nd referiri directe la guvernatorul Gavin Newsom, \u0219i a explicat motivele pentru care se reg\u0103se\u0219te mai mult \u00een discursul conservator.<\/p>\n<p>Agen\u021bia France-Presse a relatat c\u0103 pozi\u021biile sale politice au fost primite cu ostilitate de o parte a fanilor, mai ales de cei care nu o asociaser\u0103 p\u00e2n\u0103 acum cu un astfel de mesaj public explicit.<\/p>\n<p>Sc\u0103dere masiv\u0103 de urm\u0103ritori \u0219i dispari\u021bia contului de Instagram<\/p>\n<p>La scurt timp dup\u0103 eveniment, \u00een mediul online au ap\u0103rut informa\u021bii potrivit c\u0103rora Nicki Minaj ar fi pierdut aproape 10 milioane de urm\u0103ritori pe Instagram. De\u0219i aceste cifre nu au fost confirmate oficial \u00een mod independent, un lucru este cert: contul s\u0103u oficial, cunoscut sub numele de utilizator @nickiminaj, nu mai este accesibil pe platform\u0103, fiind fie \u0219ters, fie dezactivat.<\/p>\n<p>Datele publicate de Hindustan Times arat\u0103 c\u0103 artista avea aproximativ 227,5 milioane de urm\u0103ritori \u00een luna noiembrie, iar \u00een decembrie num\u0103rul acestora ar fi sc\u0103zut la aproximativ 223,8 milioane. \u00cen lunile anterioare, varia\u021biile fuseser\u0103 minore, ceea ce sugereaz\u0103 c\u0103 pierderea semnificativ\u0103 s-a produs recent, \u00een contextul controverselor politice.<\/p>\n<p>R\u0103m\u00e2ne activ\u0103 pe alte platforme<\/p>\n<p>Chiar dac\u0103 Instagram nu mai figureaz\u0103 printre canalele sale active, Nicki Minaj continu\u0103 s\u0103 fie prezent\u0103 pe platforma X (fostul Twitter), unde interac\u021bioneaz\u0103 cu fanii \u0219i \u00ee\u0219i exprim\u0103 opiniile f\u0103r\u0103 re\u021bineri. Decizia de a renun\u021ba la Instagram a fost interpretat\u0103 de unii ca un gest de protest, iar de al\u021bii ca o retragere temporar\u0103 din fa\u021ba valului de critici.<\/p>\n<p>Cert este c\u0103 mi\u0219carea artistei a \u00eemp\u0103r\u021bit fanii \u00een tabere \u0219i a reaprins discu\u021bia despre impactul pozi\u021bion\u0103rilor politice asupra carierei \u0219i imaginii publice a vedetelor interna\u021bionale.<\/p>\n<p>R\u0103m\u00e2ne de v\u0103zut dac\u0103 <a href=\"https:\/\/www.realitatea.net\/stiri\/actual\/cantareata-nicki-minaj-a-fost-arestata-pe-aeroportul-un-aeroport-din-amsterdam-chiar-inaintea-unui-show_665230f08cea9630555636d2\" target=\"_blank\">Nicki Minaj<\/a> va reveni pe Instagram sau dac\u0103 aceast\u0103 decizie marcheaz\u0103 o schimbare definitiv\u0103 \u00een strategia sa de comunicare online.<\/p>","protected":false},"excerpt":{"rendered":"<p>Potrivit presei interna\u021bionale, totul a pornit dup\u0103 apari\u021bia c\u00e2nt\u0103re\u021bei la un eveniment organizat de Turning&hellip;<\/p>\n","protected":false},"author":0,"featured_media":53832,"comment_status":"open","ping_status":"open","sticky":false,"template":"","format":"standard","meta":{"footnotes":""},"categories":[8],"tags":[],"class_list":["post-53831","post","type-post","status-publish","format-standard","has-post-thumbnail","hentry","category-lifestyle"],"_links":{"self":[{"href":"https:\/\/247stiri.ro\/index.php\/wp-json\/wp\/v2\/posts\/53831","targetHints":{"allow":["GET"]}}],"collection":[{"href":"https:\/\/247stiri.ro\/index.php\/wp-json\/wp\/v2\/posts"}],"about":[{"href":"https:\/\/247stiri.ro\/index.php\/wp-json\/wp\/v2\/types\/post"}],"replies":[{"embeddable":true,"href":"https:\/\/247stiri.ro\/index.php\/wp-json\/wp\/v2\/comments?post=53831"}],"version-history":[{"count":0,"href":"https:\/\/247stiri.ro\/index.php\/wp-json\/wp\/v2\/posts\/53831\/revisions"}],"wp:featuredmedia":[{"embeddable":true,"href":"https:\/\/247stiri.ro\/index.php\/wp-json\/wp\/v2\/media\/53832"}],"wp:attachment":[{"href":"https:\/\/247stiri.ro\/index.php\/wp-json\/wp\/v2\/media?parent=53831"}],"wp:term":[{"taxonomy":"category","embeddable":true,"href":"https:\/\/247stiri.ro\/index.php\/wp-json\/wp\/v2\/categories?post=53831"},{"taxonomy":"post_tag","embeddable":true,"href":"https:\/\/247stiri.ro\/index.php\/wp-json\/wp\/v2\/tags?post=53831"}],"curies":[{"name":"wp","href":"https:\/\/api.w.org\/{rel}","templated":true}]}}