{"id":53839,"date":"2025-12-24T14:46:48","date_gmt":"2025-12-24T14:46:48","guid":{"rendered":"https:\/\/247stiri.ro\/index.php\/2025\/12\/24\/marius-tuca-analiza-momentului-bolojan-este-omul-sistemului-nicusor-dan-e-izolat-sistemul-a-reusit-sa-linisteasca-sua-in-privinta-anularii-alegerilor\/"},"modified":"2025-12-24T14:46:48","modified_gmt":"2025-12-24T14:46:48","slug":"marius-tuca-analiza-momentului-bolojan-este-omul-sistemului-nicusor-dan-e-izolat-sistemul-a-reusit-sa-linisteasca-sua-in-privinta-anularii-alegerilor","status":"publish","type":"post","link":"https:\/\/247stiri.ro\/index.php\/2025\/12\/24\/marius-tuca-analiza-momentului-bolojan-este-omul-sistemului-nicusor-dan-e-izolat-sistemul-a-reusit-sa-linisteasca-sua-in-privinta-anularii-alegerilor\/","title":{"rendered":"Marius Tuc\u0103, analiza momentului: Bolojan este omul sistemului, Nicu\u0219or Dan e izolat. Sistemul a reu\u0219it s\u0103 \u201elini\u0219teasc\u0103\u201d SUA \u00een privin\u021ba anul\u0103rii alegerilor"},"content":{"rendered":"<p class=\"my-2 [&amp;+p]:mt-4 [&amp;_strong:has(+br)]:inline-block [&amp;_strong:has(+br)]:pb-2\">Acesta spune c\u0103 pre\u0219edintele este tot mai izolat pe scena politic\u0103. De altfel, gazetarul sus\u021bine c\u0103 sistemul a lucrat ca americanii s\u0103 nu mai critice anularea alegerilor din \u021bara noastr\u0103.<\/p>\n<p class=\"my-2 [&amp;+p]:mt-4 [&amp;_strong:has(+br)]:inline-block [&amp;_strong:has(+br)]:pb-2\">\u201e\u00cen momentul \u0103sta, Bolojan are o imunitate dat\u0103 de servicii, de influenceri, de pres\u0103. Acest domn, venit de nic\u0103ieri, de la Oradea, cum le place lor s\u0103 spun\u0103, a schimbat trei palate: Palatul Parlamentului, Casa Poporului, Pre\u0219edintele Senatului, Palatul Cotroceni \u0219i acum Palatul Victoria. Nu i-a p\u0103sat de Nicu\u0219or; a fost primul semn c\u0103 nu-l intereseaz\u0103 ce spune Nicu\u0219or \u0219i ce a promis el printr-un studio de televiziune.<\/p>\n<p class=\"my-2 [&amp;+p]:mt-4 [&amp;_strong:has(+br)]:inline-block [&amp;_strong:has(+br)]:pb-2\">Deci a luat cele mai aberante m\u0103suri. Nu a ie\u0219it unul cu o pancart\u0103 s\u0103 scrie \u201eJos Bolojan!\u201d, iar \u00een momentul \u0103sta libertatea de exprimare este undeva la 10%. Totul este controlat de sistem, de la un cap la altul. Nu exist\u0103 nici cea mai mic\u0103 speran\u021b\u0103, \u00een momentul \u0103sta, dec\u00e2t dac\u0103 oamenii \u00een\u021beleg ceea ce se \u00eent\u00e2mpl\u0103 \u00een Rom\u00e2nia \u0219i de m\u00e2ine protesteaz\u0103, dac\u0103 vor s\u0103 protesteze. Eu nu invit pe nimeni s\u0103 protesteze, vorbesc doar de faptul c\u0103 protestul este un drept pe care ni l-am c\u00e2\u0219tigat acum 36 de ani.<\/p>\n<p class=\"my-2 [&amp;+p]:mt-4 [&amp;_strong:has(+br)]:inline-block [&amp;_strong:has(+br)]:pb-2\">Mi se pare incredibil c\u0103 sistemul este at\u00e2t de sigur pe el \u0219i c\u0103 face absolut orice. Noi am mai vorbit o dat\u0103 \u0219i vreau s\u0103 m\u0103 \u00eentorc la episodul \u0103la \u00een care JD Vance, la M\u00fcnchen, vorbea despre ceea ce s-a \u00eent\u00e2mplat \u00een Rom\u00e2nia. A fost o lovitur\u0103 de stat, printre altele, \u0219i c\u0103 europenii nu mai respect\u0103 valorile comune \u2014 adic\u0103 dreptul de a vota, libertatea de exprimare, dreptul de a vota \u0219i de a fi votat. Dup\u0103 aceea a venit Tulsi Gabbard, care a vorbit despre asta, \u0219i b\u0103iatul lui Trump.<\/p>\n<p class=\"my-2 [&amp;+p]:mt-4 [&amp;_strong:has(+br)]:inline-block [&amp;_strong:has(+br)]:pb-2\">Eu cred c\u0103 sistemul, \u00een stilul lui caracteristic, a f\u0103cut ceva \u2014 nu pot s\u0103 spun ce a f\u0103cut acum \u2014 astfel \u00eenc\u00e2t toate aceste voci, dintr-odat\u0103, s\u0103 tac\u0103. Asta, \u00een condi\u021biile \u00een care, dup\u0103 februarie \u0219i dup\u0103 toate aceste lu\u0103ri de pozi\u021bie, C\u0103lin Georgescu a fost scos din curs\u0103, f\u0103r\u0103 s\u0103 mai spun\u0103 nimeni absolut nimic.<\/p>\n<p class=\"my-2 [&amp;+p]:mt-4 [&amp;_strong:has(+br)]:inline-block [&amp;_strong:has(+br)]:pb-2\">A fost un interviu, la un moment dat, pe la Tucker Carlson \u2014 un interviu destul de ciudat. Acolo s-a \u00eencheiat sus\u021binerea Americii pentru C\u0103lin Georgescu. Sistemul a reu\u0219it s\u0103 lini\u0219teasc\u0103 America.\u201d, a declarat Marius Tuc\u0103 la Culisele Statului Paralel.<\/p>","protected":false},"excerpt":{"rendered":"<p>Acesta spune c\u0103 pre\u0219edintele este tot mai izolat pe scena politic\u0103. De altfel, gazetarul sus\u021bine&hellip;<\/p>\n","protected":false},"author":0,"featured_media":53840,"comment_status":"open","ping_status":"open","sticky":false,"template":"","format":"standard","meta":{"footnotes":""},"categories":[2],"tags":[],"class_list":["post-53839","post","type-post","status-publish","format-standard","has-post-thumbnail","hentry","category-actual"],"_links":{"self":[{"href":"https:\/\/247stiri.ro\/index.php\/wp-json\/wp\/v2\/posts\/53839","targetHints":{"allow":["GET"]}}],"collection":[{"href":"https:\/\/247stiri.ro\/index.php\/wp-json\/wp\/v2\/posts"}],"about":[{"href":"https:\/\/247stiri.ro\/index.php\/wp-json\/wp\/v2\/types\/post"}],"replies":[{"embeddable":true,"href":"https:\/\/247stiri.ro\/index.php\/wp-json\/wp\/v2\/comments?post=53839"}],"version-history":[{"count":0,"href":"https:\/\/247stiri.ro\/index.php\/wp-json\/wp\/v2\/posts\/53839\/revisions"}],"wp:featuredmedia":[{"embeddable":true,"href":"https:\/\/247stiri.ro\/index.php\/wp-json\/wp\/v2\/media\/53840"}],"wp:attachment":[{"href":"https:\/\/247stiri.ro\/index.php\/wp-json\/wp\/v2\/media?parent=53839"}],"wp:term":[{"taxonomy":"category","embeddable":true,"href":"https:\/\/247stiri.ro\/index.php\/wp-json\/wp\/v2\/categories?post=53839"},{"taxonomy":"post_tag","embeddable":true,"href":"https:\/\/247stiri.ro\/index.php\/wp-json\/wp\/v2\/tags?post=53839"}],"curies":[{"name":"wp","href":"https:\/\/api.w.org\/{rel}","templated":true}]}}