{"id":53841,"date":"2025-12-24T14:46:49","date_gmt":"2025-12-24T14:46:49","guid":{"rendered":"https:\/\/247stiri.ro\/index.php\/2025\/12\/24\/raed-arafat-anunt-despre-viscolul-care-matura-tara-masuri-luate-de-urgenta-video\/"},"modified":"2025-12-24T14:46:49","modified_gmt":"2025-12-24T14:46:49","slug":"raed-arafat-anunt-despre-viscolul-care-matura-tara-masuri-luate-de-urgenta-video","status":"publish","type":"post","link":"https:\/\/247stiri.ro\/index.php\/2025\/12\/24\/raed-arafat-anunt-despre-viscolul-care-matura-tara-masuri-luate-de-urgenta-video\/","title":{"rendered":"Raed Arafat, anun\u021b despre viscolul care m\u0103tur\u0103 \u021bara, m\u0103suri luate de urgen\u021b\u0103 &#8211; VIDEO"},"content":{"rendered":"<p>Raed Arafat a convocat miercuri o videoconferin\u021b\u0103 cu prefec\u021bii \u0219i reprezentan\u021bii institu\u021biilor cu rol \u00een gestionarea situa\u021biilor de urgen\u021b\u0103, \u00een contextul aten\u021bion\u0103rilor meteorologice de cod galben emise de Administra\u021bia Na\u021bional\u0103 de Meteorologie (ANM).<\/p>\n<p>Potrivit ANM, \u00een urm\u0103toarele ore sunt a\u0219teptate intensific\u0103ri ale v\u00e2ntului, precipita\u021bii mixte, polei \u0219i ninsori viscolite \u00een mai multe zone ale \u021b\u0103rii, fenomen care ar putea afecta circula\u021bia rutier\u0103 \u0219i alimentarea cu energie electric\u0103 \u00een anumite regiuni.<\/p>\n<p>\u00cen cadrul \u0219edin\u021bei, s-a solicitat prefec\u021bilor s\u0103 monitorizeze \u00een permanen\u021b\u0103 evolu\u021bia situa\u021biei din teritoriu \u0219i s\u0103 activeze, la nevoie, comitetele jude\u021bene pentru situa\u021bii de urgen\u021b\u0103. Totodat\u0103, autorit\u0103\u021bile locale au fost avertizate s\u0103 asigure disponibilitatea utilajelor de desz\u0103pezire \u0219i stocurile de materiale antiderapante.<\/p>\n<p>Ministerul Afacerilor Interne a transmis c\u0103 serviciile de interven\u021bie \u2014 poli\u021bia, jandarmeria, pompierii \u0219i echipajele SMURD \u2014 se afl\u0103 \u00een stare de preg\u0103tire pentru a ac\u021biona rapid \u00een caz de blocaje sau urgen\u021be generate de condi\u021biile meteo severe.<\/p>","protected":false},"excerpt":{"rendered":"<p>Raed Arafat a convocat miercuri o videoconferin\u021b\u0103 cu prefec\u021bii \u0219i reprezentan\u021bii institu\u021biilor cu rol \u00een&hellip;<\/p>\n","protected":false},"author":0,"featured_media":53842,"comment_status":"open","ping_status":"open","sticky":false,"template":"","format":"standard","meta":{"footnotes":""},"categories":[2],"tags":[],"class_list":["post-53841","post","type-post","status-publish","format-standard","has-post-thumbnail","hentry","category-actual"],"_links":{"self":[{"href":"https:\/\/247stiri.ro\/index.php\/wp-json\/wp\/v2\/posts\/53841","targetHints":{"allow":["GET"]}}],"collection":[{"href":"https:\/\/247stiri.ro\/index.php\/wp-json\/wp\/v2\/posts"}],"about":[{"href":"https:\/\/247stiri.ro\/index.php\/wp-json\/wp\/v2\/types\/post"}],"replies":[{"embeddable":true,"href":"https:\/\/247stiri.ro\/index.php\/wp-json\/wp\/v2\/comments?post=53841"}],"version-history":[{"count":0,"href":"https:\/\/247stiri.ro\/index.php\/wp-json\/wp\/v2\/posts\/53841\/revisions"}],"wp:featuredmedia":[{"embeddable":true,"href":"https:\/\/247stiri.ro\/index.php\/wp-json\/wp\/v2\/media\/53842"}],"wp:attachment":[{"href":"https:\/\/247stiri.ro\/index.php\/wp-json\/wp\/v2\/media?parent=53841"}],"wp:term":[{"taxonomy":"category","embeddable":true,"href":"https:\/\/247stiri.ro\/index.php\/wp-json\/wp\/v2\/categories?post=53841"},{"taxonomy":"post_tag","embeddable":true,"href":"https:\/\/247stiri.ro\/index.php\/wp-json\/wp\/v2\/tags?post=53841"}],"curies":[{"name":"wp","href":"https:\/\/api.w.org\/{rel}","templated":true}]}}