{"id":53865,"date":"2025-12-24T16:44:56","date_gmt":"2025-12-24T16:44:56","guid":{"rendered":"https:\/\/247stiri.ro\/index.php\/2025\/12\/24\/trump-loveste-in-europa-thierry-breton-interzis-in-sua-dupa-ce-a-afirmat-ca-ue-a-anulat-alegerile-prezidentiale-din-romania\/"},"modified":"2025-12-24T16:44:56","modified_gmt":"2025-12-24T16:44:56","slug":"trump-loveste-in-europa-thierry-breton-interzis-in-sua-dupa-ce-a-afirmat-ca-ue-a-anulat-alegerile-prezidentiale-din-romania","status":"publish","type":"post","link":"https:\/\/247stiri.ro\/index.php\/2025\/12\/24\/trump-loveste-in-europa-thierry-breton-interzis-in-sua-dupa-ce-a-afirmat-ca-ue-a-anulat-alegerile-prezidentiale-din-romania\/","title":{"rendered":"Trump love\u0219te \u00een Europa. Thierry Breton, interzis \u00een SUA, dup\u0103 ce a afirmat c\u0103 UE a anulat alegerile preziden\u021biale din Rom\u00e2nia"},"content":{"rendered":"<p>Breton nu va mai avea acces pe teritoriul american, iar restric\u021biile ar putea fi extinse \u0219i asupra membrilor familiei sale.<\/p>\n<p>Departamentul de Stat a impus interdic\u021bii similare altor patru cet\u0103\u021beni europeni, prezenta\u021bi drept \u201eactivi\u0219ti anti-dezinformare\u201d, despre care autorit\u0103\u021bile americane sus\u021bin c\u0103 ar fi fost implica\u021bi \u00een ac\u021biuni de cenzurare a platformelor de socializare din SUA, potrivit agen\u021biei Reuters.<\/p>\n<p>Breton \u0219i al\u021bi patru oficiali europeni, interzi\u0219i \u00een SUA din pricina cenzur\u0103rii platformelor americane<\/p>\n<p>M\u0103sura marcheaz\u0103 \u00eenceputul unei campanii anun\u021bate anterior de Donald Trump, care vizeaz\u0103 regulamentele europene considerate de Washington ca dep\u0103\u0219ind limitele reglement\u0103rilor legitime.<\/p>\n<p>Echipa lui Trump a cerut diploma\u021bilor americani s\u0103 \u00ee\u0219i \u00eent\u0103reasc\u0103 opozi\u021bia fa\u021b\u0103 de Legea privind serviciile digitale (DSA) a Uniunii Europene \u2014 act normativ ce urm\u0103re\u0219te combaterea discursului instigator la ur\u0103 \u0219i a manipul\u0103rii informa\u021bionale, dar pe care administra\u021bia american\u0103 \u00eel acuz\u0103 c\u0103 restr\u00e2nge libertatea de exprimare \u0219i impune costuri suplimentare companiilor tehnologice din SUA.<\/p>\n<p>Interdic\u021biile de viz\u0103 au fost introduse la scurt timp dup\u0103 publicarea noii Strategii Na\u021bionale de Securitate, care acuz\u0103 liderii europeni c\u0103 limiteaz\u0103 libertatea de exprimare \u0219i reduc la t\u0103cere vocile critice fa\u021b\u0103 de politicile de imigra\u021bie, considerate de administra\u021bia Trump un risc pentru \u201esupravie\u021buirea civiliza\u021biei europene\u201d.<\/p>\n<p>Secretarul de stat Marco Rubio a declarat c\u0103 cele cinci persoane care au primit interzis \u00een Statele Unite \u201eau condus eforturi organizate de a constr\u00e2nge platformele americane s\u0103 cenzureze, s\u0103 demonetizeze \u0219i s\u0103 suprime punctele de vedere americane c\u0103rora le opun. Ace\u0219ti activi\u0219ti radicali \u0219i ONG-uri transformate \u00een arme au intensificat represiunile cenzurii de c\u0103tre state str\u0103ine \u2013 \u00een fiecare caz viz\u00eend vorbitori americani \u0219i companii americane\u201d.<\/p>\n<p>For far too long, ideologues in Europe have led organized efforts to coerce American platforms to punish American viewpoints they oppose. The Trump Administration will no longer tolerate these egregious acts of extraterritorial censorship.Today, <a href=\"https:\/\/twitter.com\/StateDept?ref_src=twsrc%5Etfw\">@StateDept<\/a> will take steps to\u2026<\/p>\n<p>\u2014 Secretary Marco Rubio (@SecRubio) <a href=\"https:\/\/twitter.com\/SecRubio\/status\/2003547575580815814?ref_src=twsrc%5Etfw\">December 23, 2025<\/a><\/p>\n<p>Ceilal\u021bi patru au fost nominaliza\u021bi de c\u0103tre subsecretarul pentru diploma\u021bie public\u0103, Sarah Rogers: Imran Ahmed, directorul general britanic al Centrului pentru Combaterea Urii Digitale, cu sediul \u00een SUA; Anna-Lena von Hodenberg \u0219i Josephine Ballon de la organiza\u021bia non-profit german\u0103 HateAid; \u0219i Clare Melford, cofondatoare a Global Disinformation Index (GDI).<\/p>\n<p>Breton a declarat public c\u0103 UE este responsabil\u0103 pentru anularea alegerilor din Rom\u00e2nia<\/p>\n<p>M\u0103sura vine dup\u0103 ce Breton declarase public, \u00een ianuarie, c\u0103 alegerile din statele UE c\u00e2\u0219tigate de extremi\u0219ti ar trebui anulate, f\u0103c\u00e2ndu-l \u021binta unor critici virulente \u00een contextul anul\u0103rii scrutinului preziden\u021bial din Rom\u00e2nia.<\/p>\n<p>Breton este asociat \u00een dezbaterea public\u0103 cu anularea alegerilor preziden\u021biale din Rom\u00e2nia, unde a afirmat c\u0103 \u201enoi am f\u0103cut-o\u201d \u00een contextul elimin\u0103rii candidaturii lui C\u0103lin Georgescu.<\/p>\n<p>SUA, inclusiv vicepre\u0219edintele JD Vance, au condamnat aceast\u0103 anulare ca fiind bazat\u0103 pe \u201esuspiciuni \u0219ubrede\u201d \u0219i presiuni externe, subliniind sl\u0103biciunea democra\u021biei afectate. Reac\u021bia Trump marcheaz\u0103 un \u201et\u0103v\u0103lug\u201d \u00eempotriva promotorilor cenzurii europene.<\/p>\n<p>Anca Alexandrescu, moderatoarea emisiunii Culisele Statului Paralel, a anun\u021bat printr-o postare pe pagina ei de Facebook c\u0103 este doar \u00eenceputul pentru cei precum Thierry Breton, care vor s\u0103 sugrume democra\u021bia european\u0103.<\/p>","protected":false},"excerpt":{"rendered":"<p>Breton nu va mai avea acces pe teritoriul american, iar restric\u021biile ar putea fi extinse&hellip;<\/p>\n","protected":false},"author":0,"featured_media":53856,"comment_status":"open","ping_status":"open","sticky":false,"template":"","format":"standard","meta":{"footnotes":""},"categories":[2],"tags":[],"class_list":["post-53865","post","type-post","status-publish","format-standard","has-post-thumbnail","hentry","category-actual"],"_links":{"self":[{"href":"https:\/\/247stiri.ro\/index.php\/wp-json\/wp\/v2\/posts\/53865","targetHints":{"allow":["GET"]}}],"collection":[{"href":"https:\/\/247stiri.ro\/index.php\/wp-json\/wp\/v2\/posts"}],"about":[{"href":"https:\/\/247stiri.ro\/index.php\/wp-json\/wp\/v2\/types\/post"}],"replies":[{"embeddable":true,"href":"https:\/\/247stiri.ro\/index.php\/wp-json\/wp\/v2\/comments?post=53865"}],"version-history":[{"count":0,"href":"https:\/\/247stiri.ro\/index.php\/wp-json\/wp\/v2\/posts\/53865\/revisions"}],"wp:featuredmedia":[{"embeddable":true,"href":"https:\/\/247stiri.ro\/index.php\/wp-json\/wp\/v2\/media\/53856"}],"wp:attachment":[{"href":"https:\/\/247stiri.ro\/index.php\/wp-json\/wp\/v2\/media?parent=53865"}],"wp:term":[{"taxonomy":"category","embeddable":true,"href":"https:\/\/247stiri.ro\/index.php\/wp-json\/wp\/v2\/categories?post=53865"},{"taxonomy":"post_tag","embeddable":true,"href":"https:\/\/247stiri.ro\/index.php\/wp-json\/wp\/v2\/tags?post=53865"}],"curies":[{"name":"wp","href":"https:\/\/api.w.org\/{rel}","templated":true}]}}