{"id":53872,"date":"2025-12-24T17:44:53","date_gmt":"2025-12-24T17:44:53","guid":{"rendered":"https:\/\/247stiri.ro\/index.php\/2025\/12\/24\/tragedie-in-ajun-de-craciun-un-mort-si-trei-raniti-dupa-un-accident-intre-doua-masini\/"},"modified":"2025-12-24T17:44:53","modified_gmt":"2025-12-24T17:44:53","slug":"tragedie-in-ajun-de-craciun-un-mort-si-trei-raniti-dupa-un-accident-intre-doua-masini","status":"publish","type":"post","link":"https:\/\/247stiri.ro\/index.php\/2025\/12\/24\/tragedie-in-ajun-de-craciun-un-mort-si-trei-raniti-dupa-un-accident-intre-doua-masini\/","title":{"rendered":"Tragedie \u00een Ajun de Cr\u0103ciun: un mort \u0219i trei r\u0103ni\u021bi dup\u0103 un accident \u00eentre dou\u0103 ma\u0219ini"},"content":{"rendered":"<p><a href=\"https:\/\/www.realitatea.net\/stiri\/actual\/accident-pe-autostrada-a4-intre-agigea-ovidiu-traficul-rutier-este-ingreunat-de-interventia-smurd-foto_694bc720b0ff926a7d41e3a6\" target=\"_blank\">Evenimentul s-a soldat<\/a> cu un deces \u0219i trei r\u0103ni\u021bi care au fost transporta\u021bi la spital pentru investiga\u021bii \u0219i tratament de specialitate.<\/p>\n<p>Interven\u021bie de urgen\u021b\u0103<\/p>\n<p>La fa\u021ba locului au intervenit pompierii militari cu o autospecial\u0103 de descarcerare, dou\u0103 ambulan\u021be SMURD, sprijinite de echipaje ale Serviciului de Ambulan\u021b\u0103 Jude\u021bean. Trei dintre victime au r\u0103mas blocate \u00een autovehicule \u0219i au avut nevoie de interven\u021bia salvatorilor pentru a fi extrase.<\/p>\n<p>Una dintre persoanele \u00eencarcerate era incon\u0219tient\u0103 la sosirea echipajelor, iar cadrele medicale i-au aplicat manevre de resuscitare. Din p\u0103cate, \u00een ciuda eforturilor de salvare, victima a fost declarat\u0103 decedat\u0103 la locul accidentului. Celelalte trei persoane au fost con\u0219tiente, dar prezentau diverse traumatisme, \u0219i au fost transportate de urgen\u021b\u0103 la spital.<\/p>\n<p>Poli\u021bia a demarat verific\u0103rile pentru a stabili cu exactitate cauzele \u0219i <a href=\"https:\/\/www.realitatea.net\/stiri\/actual\/accident-grav-in-judetul-iasi-un-microbuz-cu-7-persoane-sa-rasturnat-pe-camp_694bbea403321502542ea756\" target=\"_blank\">circumstan\u021bele producerii accidentului.<\/a> Autorit\u0103\u021bile recomand\u0103 \u0219oferilor pruden\u021b\u0103 sporit\u0103, mai ales \u00een zonele urbane aglomerate, pentru a preveni astfel de tragedii.<\/p>\n<p class=\"pf0\">\u00a0<\/p>","protected":false},"excerpt":{"rendered":"<p>Evenimentul s-a soldat cu un deces \u0219i trei r\u0103ni\u021bi care au fost transporta\u021bi la spital&hellip;<\/p>\n","protected":false},"author":0,"featured_media":53873,"comment_status":"open","ping_status":"open","sticky":false,"template":"","format":"standard","meta":{"footnotes":""},"categories":[2],"tags":[],"class_list":["post-53872","post","type-post","status-publish","format-standard","has-post-thumbnail","hentry","category-actual"],"_links":{"self":[{"href":"https:\/\/247stiri.ro\/index.php\/wp-json\/wp\/v2\/posts\/53872","targetHints":{"allow":["GET"]}}],"collection":[{"href":"https:\/\/247stiri.ro\/index.php\/wp-json\/wp\/v2\/posts"}],"about":[{"href":"https:\/\/247stiri.ro\/index.php\/wp-json\/wp\/v2\/types\/post"}],"replies":[{"embeddable":true,"href":"https:\/\/247stiri.ro\/index.php\/wp-json\/wp\/v2\/comments?post=53872"}],"version-history":[{"count":0,"href":"https:\/\/247stiri.ro\/index.php\/wp-json\/wp\/v2\/posts\/53872\/revisions"}],"wp:featuredmedia":[{"embeddable":true,"href":"https:\/\/247stiri.ro\/index.php\/wp-json\/wp\/v2\/media\/53873"}],"wp:attachment":[{"href":"https:\/\/247stiri.ro\/index.php\/wp-json\/wp\/v2\/media?parent=53872"}],"wp:term":[{"taxonomy":"category","embeddable":true,"href":"https:\/\/247stiri.ro\/index.php\/wp-json\/wp\/v2\/categories?post=53872"},{"taxonomy":"post_tag","embeddable":true,"href":"https:\/\/247stiri.ro\/index.php\/wp-json\/wp\/v2\/tags?post=53872"}],"curies":[{"name":"wp","href":"https:\/\/api.w.org\/{rel}","templated":true}]}}