{"id":53876,"date":"2025-12-24T17:44:55","date_gmt":"2025-12-24T17:44:55","guid":{"rendered":"https:\/\/247stiri.ro\/index.php\/2025\/12\/24\/majestatea-sa-margareta-mesaj-de-craciun-am-incredere-in-natiunea-romana-si-in-puterea-ei-de-a-merge-mai-departe\/"},"modified":"2025-12-24T17:44:55","modified_gmt":"2025-12-24T17:44:55","slug":"majestatea-sa-margareta-mesaj-de-craciun-am-incredere-in-natiunea-romana-si-in-puterea-ei-de-a-merge-mai-departe","status":"publish","type":"post","link":"https:\/\/247stiri.ro\/index.php\/2025\/12\/24\/majestatea-sa-margareta-mesaj-de-craciun-am-incredere-in-natiunea-romana-si-in-puterea-ei-de-a-merge-mai-departe\/","title":{"rendered":"Majestatea Sa Margareta, mesaj de Cr\u0103ciun: \u201eAm \u00eencredere \u00een Na\u021biunea Rom\u00e2n\u0103 \u0219i \u00een puterea ei de a merge mai departe"},"content":{"rendered":"<p>Custodele Coroanei a vorbit despre vizitele realizate \u00een diferite regiuni ale \u021b\u0103rii, de la Bihor \u0219i Oltenia p\u00e2n\u0103 la Maramure\u0219 \u0219i Dobrogea, unde a remarcat demnitatea \u0219i solidaritatea comunit\u0103\u021bilor locale. De asemenea, a men\u021bionat deplas\u0103rile externe efectuate \u00een Estonia, Irlanda, Polonia, Marea Britanie \u0219i Republica Moldova, \u00een sprijinul rela\u021biilor Rom\u00e2niei \u0219i al parcursului european al \u021b\u0103rii vecine.<\/p>\n<p>Margareta a eviden\u021biat, totodat\u0103, respectul de care Rom\u00e2nia se bucur\u0103 la nivel interna\u021bional \u0219i a transmis un mesaj de apreciere pentru militarii, poli\u021bi\u0219tii, pompierii \u0219i jandarmii rom\u00e2ni, subliniind rolul important al \u021b\u0103rii la grani\u021ba de est a NATO \u0219i a Uniunii Europene.<\/p>\n<p>\u00cen mesajul s\u0103u, Custodele Coroanei a evocat \u0219i impactul activit\u0103\u021bii Funda\u021biei Regale Margareta a Rom\u00e2niei, creat\u0103 \u00een urm\u0103 cu 35 de ani, care continu\u0103 s\u0103 sprijine tinerii, v\u00e2rstnicii \u0219i comunit\u0103\u021bile vulnerabile, al\u0103turi de cele 70 de organiza\u021bii aflate sub patronaj regal.<\/p>\n<p>\u201eAnul 2025 a adus multe realiz\u0103ri admirabile, dar \u0219i greut\u0103\u021bi, confuzie \u0219i \u00eengrijorare. \u00centreaga lume trece prin grave probleme sociale, economice \u0219i politice. Oamenii sunt dezam\u0103gi\u021bi \u0219i multora li se pare c\u0103 vocea lor nu este auzit\u0103.Dar am \u00eencredere \u00een Na\u021biunea Rom\u00e2n\u0103 \u0219i \u00een puterea ei de a merge mai departe. \u00cen ciuda unor probleme economice \u0219i a unor neajunsuri, \u00een via\u021ba de zi cu zi, rom\u00e2nii au dat dovad\u0103 de curaj \u0219i bun-sim\u021b.\u00a0Am vizitat multe comunit\u0103\u021bi din \u021bar\u0103. Sunt m\u00e2ndr\u0103 de felul \u00een care oamenii \u00ee\u0219i poart\u0103 de grij\u0103 cu demnitate.\u00cen Bihor, Oltenia, Ardeal, Dobrogea, Banat, Moldova, Maramure\u0219, peste tot exist\u0103 oameni de toate v\u00e2rstele care g\u00e2ndesc \u0219i simt profund. Aceasta ne d\u0103 speran\u021b\u0103 pentru viitor.\u00a0Am c\u0103l\u0103torit \u00een Estonia, Irlanda, Polonia, Marea Britanie \u0219i Republica Moldova, pentru servirea intereselor Rom\u00e2niei \u0219i pentru drumul european al Republicii Moldova.\u00a0Peste tot am g\u0103sit respect pentru \u021bara noastr\u0103, admira\u021bie pentru felul \u00een care Rom\u00e2nia s-a consolidat \u0219i merge mai departe cu fruntea sus.\u00a0To\u021bi rom\u00e2nii pe care i-am \u00eent\u00e2lnit \u00een lume se g\u00e2ndesc la p\u0103rin\u021bii lor de acas\u0103, la viitorul copiilor lor \u0219i nu uit\u0103 de tradi\u021biile rom\u00e2ne\u0219ti.\u00a0\u00cen \u021bar\u0103 \u0219i \u00een str\u0103in\u0103tate, ne-am \u00eent\u00e2lnit cu militari din For\u021bele Terestre, Aeriene \u0219i Navale, pentru a sublinia importan\u021ba Rom\u00e2niei la grani\u021ba de est a NATO \u0219i UE.\u00a0Militarii rom\u00e2ni \u00ee\u0219i fac datoria exemplar \u0219i dovedesc \u00eenalt\u0103 competen\u021b\u0103 \u00een colaborarea cu \u021b\u0103rile aliate.\u00a0Transmit admira\u021bia mea unit\u0103\u021bilor de pompieri, de jandarmi, de poli\u021bie, celor specializa\u021bi \u00een situa\u021bii de urgen\u021b\u0103 \u0219i celor de la poli\u021bia de frontier\u0103.\u00a0Mul\u021bi rom\u00e2ni fac dovad\u0103 de profesionalism \u0219i talent \u00een spitale, universit\u0103\u021bi \u0219i \u0219coli, \u00een art\u0103, \u00een administra\u021bii locale, sport, industrie, comer\u021b, turism \u0219i agricultur\u0103.\u00a0Tuturor celor care nu se las\u0103 descuraja\u021bi de greut\u0103\u021bi \u0219i dezam\u0103giri, le adresez admira\u021bia mea.\u00a0\u00cen toate locurile pe unde am mers, \u00een \u021bar\u0103 \u0219i \u00een lume, am v\u0103zut c\u00e2t de important\u0103 este Credin\u021ba pentru oamenii no\u0219tri.\u00a0Bisericile sunt pline de rom\u00e2ni de toate v\u00e2rstele, care cred \u00een Dumnezeu \u0219i \u00een valorile spirituale, \u00eentr-o lume \u00een care credin\u021ba este \u00een declin, iar individualismul \u0219i nep\u0103sarea au invadat societatea.\u00a0Acum 35 de ani, am creat Funda\u021bia Regal\u0103 Margareta a Rom\u00e2niei, pentru a \u00eencuraja oameni \u0219i comunit\u0103\u021bi s\u0103-\u0219i creeze singuri viitorul.\u00a0Al\u0103turi de cele 70 de organiza\u021bii cu patronaj regal din Rom\u00e2nia \u0219i din Republica Moldova, funda\u021bia continu\u0103 o munc\u0103 inspirat\u0103 \u0219i responsabil\u0103, pentru cei tineri \u0219i pentru cei \u00een v\u00e2rst\u0103.\u00a0Deci, \u00een ciuda dificult\u0103\u021bilor prin care trecem, am v\u0103zut \u00een comunit\u0103\u021bile din \u021bar\u0103 c\u0103 exist\u0103 speran\u021b\u0103, curaj, generozitate, bun\u0103-credin\u021b\u0103, creativitate \u0219i putere de a rezista.\u00a0\u00cen aceste zile, g\u00e2ndul nostru se \u00eendreapt\u0103 c\u0103tre Domnul Nostru Iisus, c\u0103tre exemplul S\u0103u de sacrificiu, de bun\u0103tate \u0219i de compasiune.\u00a0De asemenea, Cr\u0103ciunul este momentul de a fi \u00eempreun\u0103 cu familia, cu prietenii, cu cei dragi.\u00a0Urez rom\u00e2nilor din \u021bar\u0103, din Republica Moldova, din Europa \u0219i din \u00eentreaga lume, la mul\u021bi ani \u0219i Cr\u0103ciun fericit!\u00a0A\u0219a s\u0103 ne ajute Dumnezeu!\u00a0Margareta\u00a024 decembrie 2025\u201d\u00a0<\/p>","protected":false},"excerpt":{"rendered":"<p>Custodele Coroanei a vorbit despre vizitele realizate \u00een diferite regiuni ale \u021b\u0103rii, de la Bihor&hellip;<\/p>\n","protected":false},"author":0,"featured_media":53877,"comment_status":"open","ping_status":"open","sticky":false,"template":"","format":"standard","meta":{"footnotes":""},"categories":[2],"tags":[],"class_list":["post-53876","post","type-post","status-publish","format-standard","has-post-thumbnail","hentry","category-actual"],"_links":{"self":[{"href":"https:\/\/247stiri.ro\/index.php\/wp-json\/wp\/v2\/posts\/53876","targetHints":{"allow":["GET"]}}],"collection":[{"href":"https:\/\/247stiri.ro\/index.php\/wp-json\/wp\/v2\/posts"}],"about":[{"href":"https:\/\/247stiri.ro\/index.php\/wp-json\/wp\/v2\/types\/post"}],"replies":[{"embeddable":true,"href":"https:\/\/247stiri.ro\/index.php\/wp-json\/wp\/v2\/comments?post=53876"}],"version-history":[{"count":0,"href":"https:\/\/247stiri.ro\/index.php\/wp-json\/wp\/v2\/posts\/53876\/revisions"}],"wp:featuredmedia":[{"embeddable":true,"href":"https:\/\/247stiri.ro\/index.php\/wp-json\/wp\/v2\/media\/53877"}],"wp:attachment":[{"href":"https:\/\/247stiri.ro\/index.php\/wp-json\/wp\/v2\/media?parent=53876"}],"wp:term":[{"taxonomy":"category","embeddable":true,"href":"https:\/\/247stiri.ro\/index.php\/wp-json\/wp\/v2\/categories?post=53876"},{"taxonomy":"post_tag","embeddable":true,"href":"https:\/\/247stiri.ro\/index.php\/wp-json\/wp\/v2\/tags?post=53876"}],"curies":[{"name":"wp","href":"https:\/\/api.w.org\/{rel}","templated":true}]}}