{"id":53897,"date":"2025-12-24T19:45:20","date_gmt":"2025-12-24T19:45:20","guid":{"rendered":"https:\/\/247stiri.ro\/index.php\/2025\/12\/24\/bataie-mortala-in-sud-estul-spaniei-doi-cetateni-germani-ucisi-suspecti-polonezi-arestati-o-a-treia-persoana-in-stare-grava\/"},"modified":"2025-12-24T19:45:20","modified_gmt":"2025-12-24T19:45:20","slug":"bataie-mortala-in-sud-estul-spaniei-doi-cetateni-germani-ucisi-suspecti-polonezi-arestati-o-a-treia-persoana-in-stare-grava","status":"publish","type":"post","link":"https:\/\/247stiri.ro\/index.php\/2025\/12\/24\/bataie-mortala-in-sud-estul-spaniei-doi-cetateni-germani-ucisi-suspecti-polonezi-arestati-o-a-treia-persoana-in-stare-grava\/","title":{"rendered":"B\u0103taie mortal\u0103 \u00een sud-estul Spaniei: doi cet\u0103\u021beni germani uci\u0219i, suspec\u021bi polonezi aresta\u021bi. O a treia persoan\u0103, \u00een stare grav\u0103"},"content":{"rendered":"<p>Potrivit G\u0103rzii Civile, conflictul s-a produs luni sear\u0103, \u00een jurul orei 18.00, \u00eentr-o zon\u0103 rural\u0103 aflat\u0103 la marginea localit\u0103\u021bii Elche. \u00cen urma \u00eenc\u0103ier\u0103rii, dou\u0103 persoane au decedat la fa\u021ba locului, iar o a treia a fost r\u0103nit\u0103 grav \u0219i transportat\u0103 de urgen\u021b\u0103 la spital.<\/p>\n<p>Cine sunt agresorii?<\/p>\n<p>Mar\u021bi dup\u0103-amiaz\u0103, \u00een jurul orei 14.00, <a href=\"https:\/\/www.realitatea.net\/stiri\/extern\/politist-ucis-intrun-atac-armat-la-o-cladire-de-inmatriculari-din-sua_694c2708d1d23a1160022382\" target=\"_blank\">for\u021bele de ordine au intervenit<\/a> pentru capturarea celor doi presupu\u015fi agresori, care se baricadaser\u0103 \u00eentr-o locuin\u021b\u0103 din zon\u0103. Arest\u0103rile au fost realizate f\u0103r\u0103 incidente suplimentare, iar suspec\u021bii urmeaz\u0103 s\u0103 fie prezenta\u021bi \u00een fa\u021ba unui judec\u0103tor.<\/p>\n<p>De\u0219i Garda Civil\u0103 a evitat s\u0103 ofere detalii privind identitatea victimelor \u0219i a agresorilor, invoc\u00e2nd confiden\u021bialitatea anchetei, presa spaniol\u0103 relateaz\u0103 c\u0103 cei doi b\u0103rba\u021bi deceda\u021bi erau cet\u0103\u021beni germani. \u00cen ceea ce \u00eei prive\u0219te pe suspec\u021bi, ace\u0219tia ar fi de na\u021bionalitate polonez\u0103 \u0219i ar avea antecedente penale \u00een Spania.<\/p>\n<p>Informa\u021biile ap\u0103rute \u00een cotidianul El Pa\u00eds indic\u0103 faptul c\u0103 alterca\u021bia ar fi pornit de la un conflict legat de ocuparea unei locuin\u021be. Cele trei victime ar fi \u00eencercat s\u0103 \u00eei determine pe cei doi suspec\u021bi s\u0103 p\u0103r\u0103seasc\u0103 imobilul, moment \u00een care situa\u021bia a degenerat \u00eentr-o confruntare violent\u0103.<\/p>\n<p>Autorit\u0103\u021bile nu au confirmat oficial <a href=\"https:\/\/www.realitatea.net\/stiri\/actual\/politisti-locali-atacati-cu-toporul-la-bocsa-agresorul-cercetat-in-arest-la-domiciliu_694a6eda8460c5388c70db52\" target=\"_blank\">existen\u021ba celei de-a treia victime<\/a>, \u00eens\u0103 surse din pres\u0103 sus\u021bin c\u0103 aceasta se afl\u0103 \u00een stare grav\u0103, iar na\u021bionalitatea sa nu este cunoscut\u0103 \u00een acest moment. Ancheta este \u00een desf\u0103\u0219urare, iar procurorii urmeaz\u0103 s\u0103 stabileasc\u0103 circumstan\u021bele exacte ale tragediei.<\/p>","protected":false},"excerpt":{"rendered":"<p>Potrivit G\u0103rzii Civile, conflictul s-a produs luni sear\u0103, \u00een jurul orei 18.00, \u00eentr-o zon\u0103 rural\u0103&hellip;<\/p>\n","protected":false},"author":0,"featured_media":53898,"comment_status":"open","ping_status":"open","sticky":false,"template":"","format":"standard","meta":{"footnotes":""},"categories":[4],"tags":[],"class_list":["post-53897","post","type-post","status-publish","format-standard","has-post-thumbnail","hentry","category-extern"],"_links":{"self":[{"href":"https:\/\/247stiri.ro\/index.php\/wp-json\/wp\/v2\/posts\/53897","targetHints":{"allow":["GET"]}}],"collection":[{"href":"https:\/\/247stiri.ro\/index.php\/wp-json\/wp\/v2\/posts"}],"about":[{"href":"https:\/\/247stiri.ro\/index.php\/wp-json\/wp\/v2\/types\/post"}],"replies":[{"embeddable":true,"href":"https:\/\/247stiri.ro\/index.php\/wp-json\/wp\/v2\/comments?post=53897"}],"version-history":[{"count":0,"href":"https:\/\/247stiri.ro\/index.php\/wp-json\/wp\/v2\/posts\/53897\/revisions"}],"wp:featuredmedia":[{"embeddable":true,"href":"https:\/\/247stiri.ro\/index.php\/wp-json\/wp\/v2\/media\/53898"}],"wp:attachment":[{"href":"https:\/\/247stiri.ro\/index.php\/wp-json\/wp\/v2\/media?parent=53897"}],"wp:term":[{"taxonomy":"category","embeddable":true,"href":"https:\/\/247stiri.ro\/index.php\/wp-json\/wp\/v2\/categories?post=53897"},{"taxonomy":"post_tag","embeddable":true,"href":"https:\/\/247stiri.ro\/index.php\/wp-json\/wp\/v2\/tags?post=53897"}],"curies":[{"name":"wp","href":"https:\/\/api.w.org\/{rel}","templated":true}]}}