{"id":53899,"date":"2025-12-24T19:45:22","date_gmt":"2025-12-24T19:45:22","guid":{"rendered":"https:\/\/247stiri.ro\/index.php\/2025\/12\/24\/tanar-de-25-de-ani-gasit-injunghiat-pe-marginea-unui-drum-din-vaslui-victima-transportata-de-urgenta-la-spital-in-stare-grava\/"},"modified":"2025-12-24T19:45:22","modified_gmt":"2025-12-24T19:45:22","slug":"tanar-de-25-de-ani-gasit-injunghiat-pe-marginea-unui-drum-din-vaslui-victima-transportata-de-urgenta-la-spital-in-stare-grava","status":"publish","type":"post","link":"https:\/\/247stiri.ro\/index.php\/2025\/12\/24\/tanar-de-25-de-ani-gasit-injunghiat-pe-marginea-unui-drum-din-vaslui-victima-transportata-de-urgenta-la-spital-in-stare-grava\/","title":{"rendered":"T\u00e2n\u0103r de 25 de ani, g\u0103sit \u00eenjunghiat pe marginea unui drum din Vaslui. Victima, transportat\u0103 de urgen\u021b\u0103 la spital \u00een stare grav\u0103"},"content":{"rendered":"<p>Victima era con\u015ftient\u0103, dar \u00een stare grav\u0103, dup\u0103 ce a pierdut mult s\u00e2nge din cauza mai multor pl\u0103gi.<\/p>\n<p>Echipajele Serviciului de Ambulan\u0163\u0103 Jude\u0163ean (SAJ) Vaslui au intervenit cu dou\u0103 ambulan\u0163e, coordonate de medicul de gard\u0103.<\/p>\n<p>T\u00e2n\u0103rul prezenta trei pl\u0103gi \u00eenjunghiate la nivelul hemitoracelui st\u00e2ng posterior, cu s\u00e2ngerare abundent\u0103, \u015fi a fost stabilizat hemodinamic \u015fi respirator \u00eenainte de a fi transportat de urgen\u0163\u0103 la Spitalul Municipal B\u00e2rlad.<\/p>\n<p>\u201ePrezint\u0103 trei pl\u0103gi \u00eenjunghiate la nivelul hemitorcelui st\u00e2ng posterior cu s\u00e2ngerare abundent\u0103. Au intervenit dou\u0103 ambulan\u0163e SAJ coordonate de medicul de gard\u0103. Dup\u0103 stabilizare hemodinamic\u0103 \u015fi respiratorie, victima a fost transportat\u0103 \u00een regim de urgen\u0163\u0103 la Spitalul Municipal B\u00e2rlad\u201d, au declarat oficialii Serviciului de Ambulan\u0163\u0103 Jude\u0163ean Vaslui.<\/p>\n<p>Autorit\u0103\u0163ile judiciare au \u00eenceput cercet\u0103rile pentru a stabili circumstan\u0163ele \u00een care a fost agresat b\u0103rbatul. Poli\u0163i\u015ftii vor verifica eventuale martori sau probe de la locul faptei.<\/p>","protected":false},"excerpt":{"rendered":"<p>Victima era con\u015ftient\u0103, dar \u00een stare grav\u0103, dup\u0103 ce a pierdut mult s\u00e2nge din cauza&hellip;<\/p>\n","protected":false},"author":0,"featured_media":53900,"comment_status":"open","ping_status":"open","sticky":false,"template":"","format":"standard","meta":{"footnotes":""},"categories":[2],"tags":[],"class_list":["post-53899","post","type-post","status-publish","format-standard","has-post-thumbnail","hentry","category-actual"],"_links":{"self":[{"href":"https:\/\/247stiri.ro\/index.php\/wp-json\/wp\/v2\/posts\/53899","targetHints":{"allow":["GET"]}}],"collection":[{"href":"https:\/\/247stiri.ro\/index.php\/wp-json\/wp\/v2\/posts"}],"about":[{"href":"https:\/\/247stiri.ro\/index.php\/wp-json\/wp\/v2\/types\/post"}],"replies":[{"embeddable":true,"href":"https:\/\/247stiri.ro\/index.php\/wp-json\/wp\/v2\/comments?post=53899"}],"version-history":[{"count":0,"href":"https:\/\/247stiri.ro\/index.php\/wp-json\/wp\/v2\/posts\/53899\/revisions"}],"wp:featuredmedia":[{"embeddable":true,"href":"https:\/\/247stiri.ro\/index.php\/wp-json\/wp\/v2\/media\/53900"}],"wp:attachment":[{"href":"https:\/\/247stiri.ro\/index.php\/wp-json\/wp\/v2\/media?parent=53899"}],"wp:term":[{"taxonomy":"category","embeddable":true,"href":"https:\/\/247stiri.ro\/index.php\/wp-json\/wp\/v2\/categories?post=53899"},{"taxonomy":"post_tag","embeddable":true,"href":"https:\/\/247stiri.ro\/index.php\/wp-json\/wp\/v2\/tags?post=53899"}],"curies":[{"name":"wp","href":"https:\/\/api.w.org\/{rel}","templated":true}]}}