{"id":53921,"date":"2025-12-25T07:44:48","date_gmt":"2025-12-25T07:44:48","guid":{"rendered":"https:\/\/247stiri.ro\/index.php\/2025\/12\/25\/papa-leon-a-facut-apel-la-bunatate-fata-de-straini-si-saraci-in-primul-sau-mesajul-de-craciun\/"},"modified":"2025-12-25T07:44:48","modified_gmt":"2025-12-25T07:44:48","slug":"papa-leon-a-facut-apel-la-bunatate-fata-de-straini-si-saraci-in-primul-sau-mesajul-de-craciun","status":"publish","type":"post","link":"https:\/\/247stiri.ro\/index.php\/2025\/12\/25\/papa-leon-a-facut-apel-la-bunatate-fata-de-straini-si-saraci-in-primul-sau-mesajul-de-craciun\/","title":{"rendered":"Papa Leon a f\u0103cut apel la bun\u0103tate fa\u0163\u0103 de str\u0103ini \u015fi s\u0103raci \u00een primul s\u0103u mesajul de Cr\u0103ciun"},"content":{"rendered":"<p>\u201ePe p\u0103m\u00e2nt, nu este loc pentru Dumnezeu dac\u0103 nu este loc pentru om. A refuza pe unul \u00eenseamn\u0103 a-l refuza pe cel\u0103lalt\u201d, a spus papa \u00een timpul slujbei solemne, la care au participat aproximativ 6.000 de persoane \u00een interiorul bazilicii.<\/p>\n<p>Leon, primul pap\u0103 n\u0103scut \u00een Statele Unite, s\u0103rb\u0103tore\u015fte primul s\u0103u Cr\u0103ciun dup\u0103 ce a fost ales \u00een luna mai de cardinalii din \u00eentreaga lume pentru a-i succeda defunctului pap\u0103 Francisc, potrivit news.ro..<\/p>\n<p>Papa, care a criticat m\u0103surile controversate luate de Donald Trump \u00eempotriva imigran\u0163ilor, a citat o fraz\u0103 a papei Benedict al XVI-lea, care depl\u00e2ngea faptul c\u0103 lumea nu se preocup\u0103 de copii, de s\u0103raci sau de str\u0103ini.<\/p>\n<p>\u201e\u00cen timp ce o economie distorsionat\u0103 ne determin\u0103 s\u0103 trat\u0103m fiin\u0163ele umane ca pe simple m\u0103rfuri, Dumnezeu devine ca noi, revel\u00e2nd demnitatea infinit\u0103 a fiec\u0103rei persoane\u201d, a spus Leon. \u201eUnde este loc pentru fiin\u0163a uman\u0103, este loc \u015fi pentru Dumnezeu. Chiar \u015fi un staul poate deveni mai sacru dec\u00e2t un templu\u201d.<\/p>\n<p>\u00cen afara bazilicii, aproximativ 5.000 de persoane au urm\u0103rit slujba pe ecranele din Pia\u0163a Sf\u00e2ntul Petru, \u0163in\u00e2nd umbrele \u015fi purt\u00e2nd pelerine sub ploaia toren\u0163ial\u0103 de la Roma.<\/p>\n<p>Leon, \u00een v\u00e2rst\u0103 de 70 de ani, a ie\u015fit s\u0103-i salute \u00eenainte de \u00eenceperea liturghiei. \u201eV\u0103 admir, v\u0103 respect \u015fi v\u0103 mul\u0163umesc pentru curajul vostru \u015fi pentru dorin\u0163a de a fi aici \u00een aceast\u0103 sear\u0103, chiar \u015fi pe vremea asta\u201d.<\/p>\n<p>Joi, papa va celebra liturghia de Cr\u0103ciun \u015fi va transmite mesajul \u015fi binecuv\u00e2ntarea Urbi et Orbi (C\u0103tre cetate \u015fi lume), care are loc de dou\u0103 ori pe an.<\/p>","protected":false},"excerpt":{"rendered":"<p>\u201ePe p\u0103m\u00e2nt, nu este loc pentru Dumnezeu dac\u0103 nu este loc pentru om. A refuza&hellip;<\/p>\n","protected":false},"author":0,"featured_media":53922,"comment_status":"open","ping_status":"open","sticky":false,"template":"","format":"standard","meta":{"footnotes":""},"categories":[4],"tags":[],"class_list":["post-53921","post","type-post","status-publish","format-standard","has-post-thumbnail","hentry","category-extern"],"_links":{"self":[{"href":"https:\/\/247stiri.ro\/index.php\/wp-json\/wp\/v2\/posts\/53921","targetHints":{"allow":["GET"]}}],"collection":[{"href":"https:\/\/247stiri.ro\/index.php\/wp-json\/wp\/v2\/posts"}],"about":[{"href":"https:\/\/247stiri.ro\/index.php\/wp-json\/wp\/v2\/types\/post"}],"replies":[{"embeddable":true,"href":"https:\/\/247stiri.ro\/index.php\/wp-json\/wp\/v2\/comments?post=53921"}],"version-history":[{"count":0,"href":"https:\/\/247stiri.ro\/index.php\/wp-json\/wp\/v2\/posts\/53921\/revisions"}],"wp:featuredmedia":[{"embeddable":true,"href":"https:\/\/247stiri.ro\/index.php\/wp-json\/wp\/v2\/media\/53922"}],"wp:attachment":[{"href":"https:\/\/247stiri.ro\/index.php\/wp-json\/wp\/v2\/media?parent=53921"}],"wp:term":[{"taxonomy":"category","embeddable":true,"href":"https:\/\/247stiri.ro\/index.php\/wp-json\/wp\/v2\/categories?post=53921"},{"taxonomy":"post_tag","embeddable":true,"href":"https:\/\/247stiri.ro\/index.php\/wp-json\/wp\/v2\/tags?post=53921"}],"curies":[{"name":"wp","href":"https:\/\/api.w.org\/{rel}","templated":true}]}}