{"id":53993,"date":"2025-12-25T12:45:48","date_gmt":"2025-12-25T12:45:48","guid":{"rendered":"https:\/\/247stiri.ro\/index.php\/2025\/12\/25\/avocatul-lui-horatiu-potra-a-fost-pus-sa-dea-declaratii-false-despre-calin-georgescu-mascatii-l-au-amenintat-ca-fiul-sau-va-pati-ceva-in-inchisoare\/"},"modified":"2025-12-25T12:45:48","modified_gmt":"2025-12-25T12:45:48","slug":"avocatul-lui-horatiu-potra-a-fost-pus-sa-dea-declaratii-false-despre-calin-georgescu-mascatii-l-au-amenintat-ca-fiul-sau-va-pati-ceva-in-inchisoare","status":"publish","type":"post","link":"https:\/\/247stiri.ro\/index.php\/2025\/12\/25\/avocatul-lui-horatiu-potra-a-fost-pus-sa-dea-declaratii-false-despre-calin-georgescu-mascatii-l-au-amenintat-ca-fiul-sau-va-pati-ceva-in-inchisoare\/","title":{"rendered":"Avocatul lui Hora\u021biu Potra: A fost pus s\u0103 dea declara\u021bii false despre C\u0103lin Georgescu. Masca\u021bii l-au amenin\u021bat c\u0103 fiul s\u0103u va p\u0103\u021bi ceva \u00een \u00eenchisoare"},"content":{"rendered":"<p class=\"my-2 [&amp;+p]:mt-4 [&amp;_strong:has(+br)]:inline-block [&amp;_strong:has(+br)]:pb-2\">Potrivit acestuia, \u00een jurul orei 19:00, Potra ar fi fost adus \u00een biroul directorului de c\u0103tre persoane mascate, care nu s-au identificat, afirm\u00e2nd doar c\u0103 reprezint\u0103 statul rom\u00e2n.<\/p>\n<p class=\"my-2 [&amp;+p]:mt-4 [&amp;_strong:has(+br)]:inline-block [&amp;_strong:has(+br)]:pb-2\">El sus\u021bine c\u0103 Hora\u021biu Potra a refuzat s\u0103 dea declara\u021bii f\u0103r\u0103 prezen\u021ba unui avocat, moment \u00een care ar fi fost amenin\u021bat.<\/p>\n<p class=\"my-2 [&amp;+p]:mt-4 [&amp;_strong:has(+br)]:inline-block [&amp;_strong:has(+br)]:pb-2\">\u201eVreau s\u0103 v\u0103 transmit \u00een primul r\u00e2nd un incident care a avut loc asear\u0103. \u00cen jurul orei 7, domnul Potra ar fi fost adus \u00een biroul directorului de penitenciar de ni\u0219te persoane mascate, care nu s-au prezentat, care au spus c\u0103 sunt reprezentan\u021bi ai Rom\u00e2niei \u0219i at\u00e2t, \u0219i care l-au interogat \u00een leg\u0103tur\u0103 cu faptele, spun\u00e2ndu-i c\u0103 ceilal\u021bi b\u0103ie\u021bi din dosar \u0219i c\u0103 C\u0103lin Georgescu ar fi dat declara\u021bii \u00eempotriva lui \u0219i c\u0103 ar fi necesar ca \u0219i d\u00e2nsul s\u0103 dea declara\u021bii legate de C\u0103lin Georgescu \u0219i de acele arme care fac obiectul dosarului.<\/p>\n<p class=\"my-2 [&amp;+p]:mt-4 [&amp;_strong:has(+br)]:inline-block [&amp;_strong:has(+br)]:pb-2\">Domnul Potra a cerut s\u0103 participe un avocat la audieri, le-a transmis c\u0103 nu vrea s\u0103 dea niciun fel de declara\u021bii, cu at\u00e2t mai pu\u021bin declara\u021bii mincinoase, c\u0103 asta i s-a cerut \u2013 s\u0103 dea declara\u021bii mincinoase fa\u021b\u0103 de C\u0103lin Georgescu \u0219i fa\u021b\u0103 de ceilal\u021bi din dosar, inclusiv fa\u021b\u0103 de acele arme care au fost g\u0103site la perchezi\u021bii, \u00een dosarul care e acum la CAB. I s-a spus: \u201eDomnule, nu vezi unde e\u0219ti? Ce avocat? Nu ai ce s\u0103 contactezi niciun avocat, nu ai cu cine s\u0103 vorbe\u0219ti, discu\u021bi acum cu noi \u0219i o s\u0103 vezi c\u0103, \u00een situa\u021bia \u00een care nu dai declara\u021bii, o s\u0103 \u00ee\u021bi faci mai mult r\u0103u. O s\u0103-l mut\u0103m pe b\u0103iatul t\u0103u \u00eentr-o celul\u0103 cu ni\u0219te persoane violente, o s\u0103 avem grij\u0103 ca reziden\u021ba ta aici s\u0103 nu fie una pl\u0103cut\u0103.\u201d<\/p>\n<p class=\"my-2 [&amp;+p]:mt-4 [&amp;_strong:has(+br)]:inline-block [&amp;_strong:has(+br)]:pb-2\">Deci, amenin\u021b\u0103ri de ultim\u0103 spe\u021b\u0103, o inchizi\u021bie din asta specific\u0103 unor state complet lipsite de civiliza\u021bie. Noi o s\u0103 le facem pl\u00e2ngere penal\u0103, o s\u0103 o adres\u0103m\u00a0in rem, c\u0103 nu \u0219tim cine sunt aceste persoane, dar o s\u0103 se refere inclusiv la directorul de penitenciar, c\u0103 \u00een\u021beleg c\u0103 \u00een prezen\u021ba d\u00e2nsului au avut loc aceste incidente. O s\u0103 facem pl\u00e2ngere penal\u0103 pentru \u0219antaj, pentru purtare abuziv\u0103 \u2013 s\u0103 ajungem \u00een situa\u021bia \u00een care s\u0103 amenin\u021b\u0103m oamenii c\u0103, dac\u0103 nu dau declara\u021bii \u00eempotriva altora, p\u0103\u021besc x \u0219i y \u2013 asta mi se pare strig\u0103tor la cer.<\/p>\n<p class=\"my-2 [&amp;+p]:mt-4 [&amp;_strong:has(+br)]:inline-block [&amp;_strong:has(+br)]:pb-2\">Nici nu \u0219tiu ce reac\u021bie pot s\u0103 am, de aceea v-am \u0219i sunat, c\u0103 mi se pare c\u0103 s\u0103 ajung\u0103 oamenii sub lup\u0103 \u0219i s\u0103 fie v\u0103zu\u021bi ce abuzuri fac este singurul remediu posibil, c\u0103 dac\u0103 te apuci s\u0103 faci sesiz\u0103ri, tot la ei ajung aceste sesiz\u0103ri.<\/p>\n<p class=\"my-2 [&amp;+p]:mt-4 [&amp;_strong:has(+br)]:inline-block [&amp;_strong:has(+br)]:pb-2\">\u00cen cursul zilei de azi vom depune sesizare la Administra\u021bia Na\u021bional\u0103 a Penitenciarelor; \u00een cursul zilei de m\u00e2ine o s\u0103 depunem o pl\u00e2ngere penal\u0103 la Parchet pentru cercetare abuziv\u0103 \u0219i pentru \u0219antaj, \u0219i deocamdat\u0103 astea vor fi demersurile.<\/p>\n<p class=\"my-2 [&amp;+p]:mt-4 [&amp;_strong:has(+br)]:inline-block [&amp;_strong:has(+br)]:pb-2\">Sper\u0103m c\u0103 lucrurile se vor lini\u0219ti \u0219i c\u0103 nu vor mai exista astfel de interven\u021bii. Sper\u0103m c\u0103 persoanele care au fost de fa\u021b\u0103 la discu\u021bie \u2013 \u0219i ace\u0219tia, m\u0103 g\u00e2ndesc, poli\u021bi\u0219ti, nu vreau s\u0103 zic prostii \u2013 vor fi identifica\u021bi \u0219i se va vedea cine au fost aceste persoane care au intrat \u00een penitenciar \u0219i c\u0103, atunci c\u00e2nd intr\u0103 cineva, se trece \u00eentr-un registru. Sper c\u0103 au fost filma\u021bi \u0219i c\u0103 au fost surprin\u0219i pe anumite camere, \u0219i c\u0103 vom afla cine au fost aceste persoane \u0219i de ce nu s-au respectat drepturile \u0219i de ce au existat aceste amenin\u021b\u0103ri.\u201d, a declarat avocatul lui Hora\u021biu Potra, \u0218erban Moga la Realitatea Plus.<\/p>","protected":false},"excerpt":{"rendered":"<p>Potrivit acestuia, \u00een jurul orei 19:00, Potra ar fi fost adus \u00een biroul directorului de&hellip;<\/p>\n","protected":false},"author":0,"featured_media":53991,"comment_status":"open","ping_status":"open","sticky":false,"template":"","format":"standard","meta":{"footnotes":""},"categories":[2],"tags":[],"class_list":["post-53993","post","type-post","status-publish","format-standard","has-post-thumbnail","hentry","category-actual"],"_links":{"self":[{"href":"https:\/\/247stiri.ro\/index.php\/wp-json\/wp\/v2\/posts\/53993","targetHints":{"allow":["GET"]}}],"collection":[{"href":"https:\/\/247stiri.ro\/index.php\/wp-json\/wp\/v2\/posts"}],"about":[{"href":"https:\/\/247stiri.ro\/index.php\/wp-json\/wp\/v2\/types\/post"}],"replies":[{"embeddable":true,"href":"https:\/\/247stiri.ro\/index.php\/wp-json\/wp\/v2\/comments?post=53993"}],"version-history":[{"count":0,"href":"https:\/\/247stiri.ro\/index.php\/wp-json\/wp\/v2\/posts\/53993\/revisions"}],"wp:featuredmedia":[{"embeddable":true,"href":"https:\/\/247stiri.ro\/index.php\/wp-json\/wp\/v2\/media\/53991"}],"wp:attachment":[{"href":"https:\/\/247stiri.ro\/index.php\/wp-json\/wp\/v2\/media?parent=53993"}],"wp:term":[{"taxonomy":"category","embeddable":true,"href":"https:\/\/247stiri.ro\/index.php\/wp-json\/wp\/v2\/categories?post=53993"},{"taxonomy":"post_tag","embeddable":true,"href":"https:\/\/247stiri.ro\/index.php\/wp-json\/wp\/v2\/tags?post=53993"}],"curies":[{"name":"wp","href":"https:\/\/api.w.org\/{rel}","templated":true}]}}