{"id":54023,"date":"2025-12-25T14:44:52","date_gmt":"2025-12-25T14:44:52","guid":{"rendered":"https:\/\/247stiri.ro\/index.php\/2025\/12\/25\/crima-socanta-in-noaptea-de-ajun-un-barbat-de-36-de-ani-a-murit-dupa-ce-a-fost-batut-de-patru-persoane-printre-care-un-minor\/"},"modified":"2025-12-25T14:44:52","modified_gmt":"2025-12-25T14:44:52","slug":"crima-socanta-in-noaptea-de-ajun-un-barbat-de-36-de-ani-a-murit-dupa-ce-a-fost-batut-de-patru-persoane-printre-care-un-minor","status":"publish","type":"post","link":"https:\/\/247stiri.ro\/index.php\/2025\/12\/25\/crima-socanta-in-noaptea-de-ajun-un-barbat-de-36-de-ani-a-murit-dupa-ce-a-fost-batut-de-patru-persoane-printre-care-un-minor\/","title":{"rendered":"Crim\u0103 \u0219ocant\u0103 \u00een noaptea de Ajun: un b\u0103rbat de 36 de ani a murit dup\u0103 ce a fost b\u0103tut de patru persoane, printre care un minor"},"content":{"rendered":"<p>De la ce a pornit scandalul?<\/p>\n<p>Potrivit informa\u021biilor oficiale, alterca\u021bia a degenerat rapid, iar <a href=\"https:\/\/www.realitatea.net\/stiri\/actual\/crima-infioratoare-inainte-de-craciun-o-femeie-a-fost-ucisa-in-bataie-de-iubit_694a2517b772e16f2c2c8192\" target=\"_blank\">victima a fost agresat\u0103 fizic<\/a> de mai mul\u021bi indivizi. La fa\u021ba locului au fost trimise de urgen\u021b\u0103 dou\u0103 echipaje ale Serviciului de Ambulan\u021b\u0103 Jude\u021bean Sibiu, \u00eens\u0103, \u00een ciuda eforturilor sus\u021binute ale medicilor, b\u0103rbatul nu a mai putut fi salvat.<\/p>\n<p>\u201eInterven\u021bia a avut loc \u00een jurul orei 23:40. Persoana agresat\u0103 se afla \u00een stop cardio-respirator la sosirea echipajelor, iar manevrele de resuscitare au fost \u00eencepute imediat. Din p\u0103cate, dup\u0103 aproximativ 65 de minute, a fost constatat decesul\u201d, a declarat Vasile Scridon, purt\u0103torul de cuv\u00e2nt al Ambulan\u021bei Sibiu.<\/p>\n<p>Anchetatorii au stabilit c\u0103 incidentul s-a produs \u00een urma unui conflict spontan care a implicat cel pu\u021bin 20 de persoane. \u00cen timpul alterca\u021biei, b\u0103rbatul de 36 de ani a fost lovit cu obiecte contondente \u00een zona capului \u0219i a corpului de patru agresori cu v\u00e2rste de 14, 18, 27 \u0219i 33 de ani.<\/p>\n<p><a href=\"https:\/\/www.realitatea.net\/stiri\/actual\/crima-la-o-stana-din-carasseverin-un-cioban-de-64-de-ani-ucis-in-urma-unui-conflict-izbucnit-intre-colegi_6936f00c7427345d9c03ec1b\" target=\"_blank\">\u00cen urma leziunilor suferite<\/a>, victima a decedat. Procurorii au dispus continuarea urm\u0103ririi penale fa\u021b\u0103 de cei patru suspec\u021bi pentru infrac\u021biunile de omor \u0219i tulburarea ordinii \u0219i lini\u0219tii publice. De asemenea, alte \u0219ase persoane sunt cercetate pentru implicarea \u00een alterca\u021bie, fiind acuzate de tulburarea ordinii \u0219i lini\u0219tii publice.<\/p>\n<p>\u201eCercet\u0103rile sunt desf\u0103\u0219urate de procurorul de caz din cadrul Parchetului de pe l\u00e2ng\u0103 Tribunalul Sibiu, cu sprijinul Serviciului de Investiga\u021bii Criminale din cadrul IPJ Sibiu. Informa\u021bii suplimentare privind eventualele m\u0103suri preventive vor fi comunicate la momentul dispunerii acestora\u201d, a precizat Dan Octavian Simion, purt\u0103torul de cuv\u00e2nt al Parchetului.<\/p>\n<p>Autorit\u0103\u021bile subliniaz\u0103 c\u0103, pe parcursul \u00eentregului proces penal, persoanele cercetate beneficiaz\u0103 de prezum\u021bia de nevinov\u0103\u021bie, conform legisla\u021biei \u00een vigoare.<\/p>","protected":false},"excerpt":{"rendered":"<p>De la ce a pornit scandalul? Potrivit informa\u021biilor oficiale, alterca\u021bia a degenerat rapid, iar victima&hellip;<\/p>\n","protected":false},"author":0,"featured_media":54024,"comment_status":"open","ping_status":"open","sticky":false,"template":"","format":"standard","meta":{"footnotes":""},"categories":[2],"tags":[],"class_list":["post-54023","post","type-post","status-publish","format-standard","has-post-thumbnail","hentry","category-actual"],"_links":{"self":[{"href":"https:\/\/247stiri.ro\/index.php\/wp-json\/wp\/v2\/posts\/54023","targetHints":{"allow":["GET"]}}],"collection":[{"href":"https:\/\/247stiri.ro\/index.php\/wp-json\/wp\/v2\/posts"}],"about":[{"href":"https:\/\/247stiri.ro\/index.php\/wp-json\/wp\/v2\/types\/post"}],"replies":[{"embeddable":true,"href":"https:\/\/247stiri.ro\/index.php\/wp-json\/wp\/v2\/comments?post=54023"}],"version-history":[{"count":0,"href":"https:\/\/247stiri.ro\/index.php\/wp-json\/wp\/v2\/posts\/54023\/revisions"}],"wp:featuredmedia":[{"embeddable":true,"href":"https:\/\/247stiri.ro\/index.php\/wp-json\/wp\/v2\/media\/54024"}],"wp:attachment":[{"href":"https:\/\/247stiri.ro\/index.php\/wp-json\/wp\/v2\/media?parent=54023"}],"wp:term":[{"taxonomy":"category","embeddable":true,"href":"https:\/\/247stiri.ro\/index.php\/wp-json\/wp\/v2\/categories?post=54023"},{"taxonomy":"post_tag","embeddable":true,"href":"https:\/\/247stiri.ro\/index.php\/wp-json\/wp\/v2\/tags?post=54023"}],"curies":[{"name":"wp","href":"https:\/\/api.w.org\/{rel}","templated":true}]}}