{"id":54061,"date":"2025-12-25T18:44:50","date_gmt":"2025-12-25T18:44:50","guid":{"rendered":"https:\/\/247stiri.ro\/index.php\/2025\/12\/25\/turist-din-bucuresti-ranit-in-muntii-baiului-dupa-un-accident-cu-atv-ul\/"},"modified":"2025-12-25T18:44:50","modified_gmt":"2025-12-25T18:44:50","slug":"turist-din-bucuresti-ranit-in-muntii-baiului-dupa-un-accident-cu-atv-ul","status":"publish","type":"post","link":"https:\/\/247stiri.ro\/index.php\/2025\/12\/25\/turist-din-bucuresti-ranit-in-muntii-baiului-dupa-un-accident-cu-atv-ul\/","title":{"rendered":"Turist din Bucure\u0219ti r\u0103nit \u00een Mun\u021bii Baiului dup\u0103 un accident cu ATV-ul"},"content":{"rendered":"<p>Bucure\u0219tean, r\u0103nit \u00een urma unui accident rutier<\/p>\n<p>\u201eSalvatorii montani din Bu\u0219teni au intervenit pentru acordarea primului ajutor medical \u0219i transportul turistului r\u0103nit\u201d, a transmis, joi sear\u0103, Salvamont Prahova. Accidentul s-a produs pe un drum forestier din zona Mun\u021bilor Baiului, potrivit aceleia\u0219i surse.<\/p>\n<p>Victima a fost predat\u0103 ulterior echipajului SMURD \u0219i transportat\u0103 la spital pentru <a href=\"https:\/\/www.realitatea.net\/stiri\/actual\/un-politist-a-murit-dupa-ce-a-intrat-cu-atvul-intrun-stalp-avea-doar-24-de-ani_68ef518e71a6fe1067612648\" target=\"_blank\">investiga\u021bii \u0219i \u00eengrijiri suplimentare.<\/a><\/p>\n<p>Reprezentan\u021bii Salvamont au precizat c\u0103, \u00een prima zi de Cr\u0103ciun, mai multe accidente au avut loc \u00een zonele montane, necesit\u00e2nd interven\u021bia echipajelor pentru salvarea turi\u0219tilor \u0219i acordarea primului ajutor.<\/p>\n<p>Autorit\u0103\u021bile recomand\u0103 vizitatorilor mun\u021bilor s\u0103 fie precau\u021bi \u0219i s\u0103 respecte regulile de siguran\u021b\u0103, mai ales atunci c\u00e2nd folosesc ATV-uri sau alte vehicule off-road pe <a href=\"https:\/\/www.realitatea.net\/stiri\/actual\/accident-cu-atv-in-alba-o-tanara-de-19-ani-a-pierdut-controlul-vehiculului-dupa-ce-a-fost-distrasa-de-alte-lucruri_6869659451d18c067b33731b\" target=\"_blank\">traseele forestiere.<\/a><\/p>\n<p class=\"pf0\">\u00a0<\/p>","protected":false},"excerpt":{"rendered":"<p>Bucure\u0219tean, r\u0103nit \u00een urma unui accident rutier \u201eSalvatorii montani din Bu\u0219teni au intervenit pentru acordarea&hellip;<\/p>\n","protected":false},"author":0,"featured_media":54062,"comment_status":"open","ping_status":"open","sticky":false,"template":"","format":"standard","meta":{"footnotes":""},"categories":[2],"tags":[],"class_list":["post-54061","post","type-post","status-publish","format-standard","has-post-thumbnail","hentry","category-actual"],"_links":{"self":[{"href":"https:\/\/247stiri.ro\/index.php\/wp-json\/wp\/v2\/posts\/54061","targetHints":{"allow":["GET"]}}],"collection":[{"href":"https:\/\/247stiri.ro\/index.php\/wp-json\/wp\/v2\/posts"}],"about":[{"href":"https:\/\/247stiri.ro\/index.php\/wp-json\/wp\/v2\/types\/post"}],"replies":[{"embeddable":true,"href":"https:\/\/247stiri.ro\/index.php\/wp-json\/wp\/v2\/comments?post=54061"}],"version-history":[{"count":0,"href":"https:\/\/247stiri.ro\/index.php\/wp-json\/wp\/v2\/posts\/54061\/revisions"}],"wp:featuredmedia":[{"embeddable":true,"href":"https:\/\/247stiri.ro\/index.php\/wp-json\/wp\/v2\/media\/54062"}],"wp:attachment":[{"href":"https:\/\/247stiri.ro\/index.php\/wp-json\/wp\/v2\/media?parent=54061"}],"wp:term":[{"taxonomy":"category","embeddable":true,"href":"https:\/\/247stiri.ro\/index.php\/wp-json\/wp\/v2\/categories?post=54061"},{"taxonomy":"post_tag","embeddable":true,"href":"https:\/\/247stiri.ro\/index.php\/wp-json\/wp\/v2\/tags?post=54061"}],"curies":[{"name":"wp","href":"https:\/\/api.w.org\/{rel}","templated":true}]}}