{"id":54072,"date":"2025-12-25T19:44:55","date_gmt":"2025-12-25T19:44:55","guid":{"rendered":"https:\/\/247stiri.ro\/index.php\/2025\/12\/25\/circulatie-oprita-pe-transfagarasan-in-zona-arefu-dupa-prabusirea-unor-pietre-pe-carosabil\/"},"modified":"2025-12-25T19:44:55","modified_gmt":"2025-12-25T19:44:55","slug":"circulatie-oprita-pe-transfagarasan-in-zona-arefu-dupa-prabusirea-unor-pietre-pe-carosabil","status":"publish","type":"post","link":"https:\/\/247stiri.ro\/index.php\/2025\/12\/25\/circulatie-oprita-pe-transfagarasan-in-zona-arefu-dupa-prabusirea-unor-pietre-pe-carosabil\/","title":{"rendered":"Circula\u021bie oprit\u0103 pe Transf\u0103g\u0103r\u0103\u0219an, \u00een zona Arefu, dup\u0103 pr\u0103bu\u0219irea unor pietre pe carosabil"},"content":{"rendered":"<p>Ce au anun\u021bat autorit\u0103\u021bile?<\/p>\n<p><a href=\"https:\/\/www.realitatea.net\/stiri\/actual\/accesul-catre-balea-lac-restrictionat-marti-dupa-ce-traficul-a-fost-inchis-pe-transfagarasan-telecabina-va-functiona-din-nou-de-miercuri_68f75fb510723567393ebae5\" target=\"_blank\">Potrivit informa\u021biilor transmise<\/a> de Centrul Infotrafic al Poli\u021biei Rom\u00e2ne, incidentul a afectat ambele sensuri de mers, f\u0103c\u00e2nd imposibil\u0103 circula\u021bia autovehiculelor pe acest tronson de drum montan.<\/p>\n<p>Echipele de interven\u021bie au fost mobilizate pentru \u00eendep\u0103rtarea materialului c\u0103zut pe \u0219osea \u0219i pentru asigurarea zonei, astfel \u00eenc\u00e2t traficul s\u0103 poat\u0103 fi reluat \u00een condi\u021bii de siguran\u021b\u0103. Autorit\u0103\u021bile estimeaz\u0103 c\u0103 circula\u021bia va fi redeschis\u0103 dup\u0103 ora 21:00.<\/p>\n<p><a href=\"https:\/\/www.realitatea.net\/stiri\/actual\/circulatia-rutiera-inchisa-pe-transfagarasan-si-transalpina-din-cauza-conditiilor-de-iarna_68f626ae0da8b7131d0125a2\" target=\"_blank\">\u0218oferii sunt sf\u0103tui\u021bi<\/a> s\u0103 evite zona \u0219i s\u0103 manifeste pruden\u021b\u0103 sporit\u0103 pe drumurile montane, unde condi\u021biile meteo \u0219i instabilitatea versan\u021bilor pot genera astfel de situa\u021bii periculoase.<\/p>","protected":false},"excerpt":{"rendered":"<p>Ce au anun\u021bat autorit\u0103\u021bile? Potrivit informa\u021biilor transmise de Centrul Infotrafic al Poli\u021biei Rom\u00e2ne, incidentul a&hellip;<\/p>\n","protected":false},"author":0,"featured_media":54073,"comment_status":"open","ping_status":"open","sticky":false,"template":"","format":"standard","meta":{"footnotes":""},"categories":[2],"tags":[],"class_list":["post-54072","post","type-post","status-publish","format-standard","has-post-thumbnail","hentry","category-actual"],"_links":{"self":[{"href":"https:\/\/247stiri.ro\/index.php\/wp-json\/wp\/v2\/posts\/54072","targetHints":{"allow":["GET"]}}],"collection":[{"href":"https:\/\/247stiri.ro\/index.php\/wp-json\/wp\/v2\/posts"}],"about":[{"href":"https:\/\/247stiri.ro\/index.php\/wp-json\/wp\/v2\/types\/post"}],"replies":[{"embeddable":true,"href":"https:\/\/247stiri.ro\/index.php\/wp-json\/wp\/v2\/comments?post=54072"}],"version-history":[{"count":0,"href":"https:\/\/247stiri.ro\/index.php\/wp-json\/wp\/v2\/posts\/54072\/revisions"}],"wp:featuredmedia":[{"embeddable":true,"href":"https:\/\/247stiri.ro\/index.php\/wp-json\/wp\/v2\/media\/54073"}],"wp:attachment":[{"href":"https:\/\/247stiri.ro\/index.php\/wp-json\/wp\/v2\/media?parent=54072"}],"wp:term":[{"taxonomy":"category","embeddable":true,"href":"https:\/\/247stiri.ro\/index.php\/wp-json\/wp\/v2\/categories?post=54072"},{"taxonomy":"post_tag","embeddable":true,"href":"https:\/\/247stiri.ro\/index.php\/wp-json\/wp\/v2\/tags?post=54072"}],"curies":[{"name":"wp","href":"https:\/\/api.w.org\/{rel}","templated":true}]}}