{"id":54076,"date":"2025-12-25T20:45:02","date_gmt":"2025-12-25T20:45:02","guid":{"rendered":"https:\/\/247stiri.ro\/index.php\/2025\/12\/25\/incident-pe-un-drum-forestier-chiar-in-seara-de-craciun-un-autoturism-cu-sase-pasageri-a-cazut-de-pe-un-pod\/"},"modified":"2025-12-25T20:45:02","modified_gmt":"2025-12-25T20:45:02","slug":"incident-pe-un-drum-forestier-chiar-in-seara-de-craciun-un-autoturism-cu-sase-pasageri-a-cazut-de-pe-un-pod","status":"publish","type":"post","link":"https:\/\/247stiri.ro\/index.php\/2025\/12\/25\/incident-pe-un-drum-forestier-chiar-in-seara-de-craciun-un-autoturism-cu-sase-pasageri-a-cazut-de-pe-un-pod\/","title":{"rendered":"Incident pe un drum forestier, chiar \u00een seara de Cr\u0103ciun: un autoturism cu \u0219ase pasageri a c\u0103zut de pe un pod"},"content":{"rendered":"<p>Cum s-a produs incidentul?<\/p>\n<p><a href=\"https:\/\/www.realitatea.net\/stiri\/actual\/accident-grav-la-iesirea-din-sibiu-trei-raniti-inclusiv-o-tanara-insarcinata-soferul-vinovat-a-fugit-de-la-locul-faptei_694d8fd2a557245bdd3f4ac9\" target=\"_blank\">La fa\u021ba locului<\/a> au intervenit de urgen\u021b\u0103 echipele Salvamont Arge\u0219, salvatorii montani fiind alerta\u021bi din zona Voina. Accidentul a avut loc pe traseul forestier dintre cabanele Voina \u0219i Cuca, \u00eentr-o zon\u0103 dificil accesibil\u0103.<\/p>\n<p>Potrivit salvamonti\u0219tilor, autoturismul, un Dacia Duster, a ajuns \u00een afara drumului dup\u0103 ce a c\u0103zut de pe un pod. To\u021bi cei \u0219ase ocupan\u021bi au reu\u0219it s\u0103 ias\u0103 din vehicul \u0219i au fost evalua\u021bi medical la fa\u021ba locului. Din fericire, niciuna dintre persoane nu a suferit r\u0103ni sau alte probleme de s\u0103n\u0103tate.<\/p>\n<p><a href=\"https:\/\/www.realitatea.net\/stiri\/actual\/tragedie-pe-dn-72-in-dambovita-o-tanara-de-22-de-ani-sia-pierdut-viata-intrun-accident-rutier_694d7ec8ca24f7607c7a3762\" target=\"_blank\">Dup\u0103 evaluare,<\/a> toate cele \u0219ase persoane au fost transportate la Baza Salvamont Voina, unde au r\u0103mas sub supraveghere p\u00e2n\u0103 la sosirea apar\u021bin\u0103torilor. Salvatorii au precizat c\u0103 victimele erau con\u0219tiente, cooperante \u0219i \u00een afara oric\u0103rui pericol.<\/p>\n<p>Reprezentan\u021bii Salvamont Arge\u0219 au transmis, totodat\u0103, un apel c\u0103tre \u0219oferi, recomand\u00e2nd pruden\u021b\u0103 maxim\u0103 pe drumurile montane \u0219i forestiere, mai ales \u00een sezonul rece, \u0219i utilizarea exclusiv\u0103 a traseelor administrate, \u00eentre\u021binute \u0219i desz\u0103pezite.<\/p>","protected":false},"excerpt":{"rendered":"<p>Cum s-a produs incidentul? La fa\u021ba locului au intervenit de urgen\u021b\u0103 echipele Salvamont Arge\u0219, salvatorii&hellip;<\/p>\n","protected":false},"author":0,"featured_media":54077,"comment_status":"open","ping_status":"open","sticky":false,"template":"","format":"standard","meta":{"footnotes":""},"categories":[2],"tags":[],"class_list":["post-54076","post","type-post","status-publish","format-standard","has-post-thumbnail","hentry","category-actual"],"_links":{"self":[{"href":"https:\/\/247stiri.ro\/index.php\/wp-json\/wp\/v2\/posts\/54076","targetHints":{"allow":["GET"]}}],"collection":[{"href":"https:\/\/247stiri.ro\/index.php\/wp-json\/wp\/v2\/posts"}],"about":[{"href":"https:\/\/247stiri.ro\/index.php\/wp-json\/wp\/v2\/types\/post"}],"replies":[{"embeddable":true,"href":"https:\/\/247stiri.ro\/index.php\/wp-json\/wp\/v2\/comments?post=54076"}],"version-history":[{"count":0,"href":"https:\/\/247stiri.ro\/index.php\/wp-json\/wp\/v2\/posts\/54076\/revisions"}],"wp:featuredmedia":[{"embeddable":true,"href":"https:\/\/247stiri.ro\/index.php\/wp-json\/wp\/v2\/media\/54077"}],"wp:attachment":[{"href":"https:\/\/247stiri.ro\/index.php\/wp-json\/wp\/v2\/media?parent=54076"}],"wp:term":[{"taxonomy":"category","embeddable":true,"href":"https:\/\/247stiri.ro\/index.php\/wp-json\/wp\/v2\/categories?post=54076"},{"taxonomy":"post_tag","embeddable":true,"href":"https:\/\/247stiri.ro\/index.php\/wp-json\/wp\/v2\/tags?post=54076"}],"curies":[{"name":"wp","href":"https:\/\/api.w.org\/{rel}","templated":true}]}}