{"id":5412,"date":"2024-11-07T11:46:37","date_gmt":"2024-11-07T11:46:37","guid":{"rendered":"https:\/\/247stiri.ro\/index.php\/2024\/11\/07\/noi-audieri-in-dosarul-asasinatului-din-arad-fiica-omului-de-afaceri-ioan-crisan-si-cei-doi-complici-au-ajuns-din-nou-in-fata-instantei\/"},"modified":"2024-11-07T11:46:37","modified_gmt":"2024-11-07T11:46:37","slug":"noi-audieri-in-dosarul-asasinatului-din-arad-fiica-omului-de-afaceri-ioan-crisan-si-cei-doi-complici-au-ajuns-din-nou-in-fata-instantei","status":"publish","type":"post","link":"https:\/\/247stiri.ro\/index.php\/2024\/11\/07\/noi-audieri-in-dosarul-asasinatului-din-arad-fiica-omului-de-afaceri-ioan-crisan-si-cei-doi-complici-au-ajuns-din-nou-in-fata-instantei\/","title":{"rendered":"Noi audieri \u00een dosarul asasinatului din Arad. Fiica omului de afaceri Ioan Cri\u0219an \u0219i cei doi complici au ajuns din nou \u00een fa\u021ba instan\u021bei"},"content":{"rendered":"<p>La ora 11.30 a fost programat\u0103 a fost programat\u0103 aceast\u0103 \u0219edin\u021b\u0103. La \u00cenalta Curte de Casa\u021bie \u0219i Justi\u021bie au ajuns at\u00e2t<a href=\"https:\/\/www.realitatea.net\/stiri\/actual\/laura-crisan-va-ajunge-din-nou-in-fata-judecatorilor-noi-probe-in-dosarul-asasinatului-cu-bomba-de-la-arad_671f41fa1079885b98005a99\" target=\"_blank\" rel=\"noopener\"> Laura Cri\u0219an<\/a>, principala suspect\u0103 din acest dosar, fiica milionarului asasinat \u00een urm\u0103 cu 3 ani, c\u00e2t \u0219i ceilal\u021bi doi presupu\u0219i complici.<\/p>\n<p>Magistra\u021bii urmeaz\u0103 s\u0103 analizeze contesta\u021bia depus\u0103 de procurori. Nu este exclus s\u0103 aib\u0103 o alt\u0103 p\u0103rere \u00een acest caz \u0219i s\u0103 admit\u0103 propunerea de arestare preventiv\u0103.\u00a0<\/p>\n<p><a href=\"https:\/\/www.realitatea.net\/stiri\/actual\/miza-uriasa-a-asasinatului-de-la-arad-procurorii-au-descoperit-interese-de-milioane-de-euro-in-spatele-eliminarii-omului-de-afaceri-ioan-crisan_672480ae01b91e1947377913\" target=\"_blank\" rel=\"noopener\">Miza uria\u0219\u0103 a asasinatului de la Arad. Procurorii au descoperit interese de milioane de euro \u00een spatele elimin\u0103rii omului de afaceri Ioan Cri\u0219an<\/a><\/p>\n<p>Reamintim c\u0103 magistra\u021bii care au decis ca cei 3 suspec\u021bi s\u0103 fie <a href=\"https:\/\/www.realitatea.net\/stiri\/actual\/de-ce-na-fost-arestata-fiica-milionarului-ioan-crisan-motivarea-instantei-pe-baza-indiciilor-nu-se-poat-lua-masuri-preventive_67208bc7f1ce98125777cab6\" target=\"_blank\" rel=\"noopener\">elibera\u021bi<\/a> \u0219i-au motivat atunci decizia prin faptul c\u0103 nu ar exista, de fapt, probe \u00een acest dosar, ci mai mult &#8222;indicii&#8221;, iar \u00een baza acestora &#8211; spuneau ei &#8211; nu se pot lua m\u0103suri preventive.\u00a0<\/p>\n<p><a href=\"https:\/\/www.realitatea.net\/stiri\/actual\/banul-ochiul-dracului-relatia-tensionata-dintre-laura-crisan-si-tatal-sau-sub-lupa-anchetatorilor-femeia-ar-fi-fost-la-un-pas-sa-fie-demostenita_671a0f763bf817214a50b9ff\" target=\"_blank\" rel=\"noopener\">&#8222;Banul, ochiul dracului&#8221;. Rela\u021bia tensionat\u0103 dintre Laura Cri\u0219an \u0219i tat\u0103l s\u0103u: femeia ar fi fost la un pas s\u0103 fie DEZMO\u0218TENIT\u0102<\/a><\/p>\n<p>\u00cen paralel, exist\u0103 \u00een continuare foarte multe lipsuri \u00een acest dosar. Este vorba \u0219i de acest suspect care a executat dispozitivul de deturnare a bombei, care lipse\u0219te din dosar. Totodat\u0103, nu exist\u0103 probe care s\u0103 arate c\u0103 s-a f\u0103cut o plat\u0103 pentru aceast\u0103 crim\u0103. \u00cen plus de asta, exist\u0103 controverse \u00een leg\u0103tur\u0103 cu persoana care a cump\u0103rat telefonul detonator, dar \u0219i legat de faptul c\u0103 cei doi complici din acest dosar au f\u0103cut rost de acele substan\u021be explozive at\u00e2t de sofisticate.\u00a0<\/p>","protected":false},"excerpt":{"rendered":"<p>La ora 11.30 a fost programat\u0103 a fost programat\u0103 aceast\u0103 \u0219edin\u021b\u0103. La \u00cenalta Curte de&hellip;<\/p>\n","protected":false},"author":0,"featured_media":5413,"comment_status":"open","ping_status":"open","sticky":false,"template":"","format":"standard","meta":{"footnotes":""},"categories":[2],"tags":[],"class_list":["post-5412","post","type-post","status-publish","format-standard","has-post-thumbnail","hentry","category-actual"],"_links":{"self":[{"href":"https:\/\/247stiri.ro\/index.php\/wp-json\/wp\/v2\/posts\/5412","targetHints":{"allow":["GET"]}}],"collection":[{"href":"https:\/\/247stiri.ro\/index.php\/wp-json\/wp\/v2\/posts"}],"about":[{"href":"https:\/\/247stiri.ro\/index.php\/wp-json\/wp\/v2\/types\/post"}],"replies":[{"embeddable":true,"href":"https:\/\/247stiri.ro\/index.php\/wp-json\/wp\/v2\/comments?post=5412"}],"version-history":[{"count":0,"href":"https:\/\/247stiri.ro\/index.php\/wp-json\/wp\/v2\/posts\/5412\/revisions"}],"wp:featuredmedia":[{"embeddable":true,"href":"https:\/\/247stiri.ro\/index.php\/wp-json\/wp\/v2\/media\/5413"}],"wp:attachment":[{"href":"https:\/\/247stiri.ro\/index.php\/wp-json\/wp\/v2\/media?parent=5412"}],"wp:term":[{"taxonomy":"category","embeddable":true,"href":"https:\/\/247stiri.ro\/index.php\/wp-json\/wp\/v2\/categories?post=5412"},{"taxonomy":"post_tag","embeddable":true,"href":"https:\/\/247stiri.ro\/index.php\/wp-json\/wp\/v2\/tags?post=5412"}],"curies":[{"name":"wp","href":"https:\/\/api.w.org\/{rel}","templated":true}]}}