{"id":54134,"date":"2025-12-26T10:45:14","date_gmt":"2025-12-26T10:45:14","guid":{"rendered":"https:\/\/247stiri.ro\/index.php\/2025\/12\/26\/probleme-penale-cu-droguri-in-anturajul-lui-ilie-bolojan-finul-premierului-este-acuzat-de-trafic-de-substante-interzise\/"},"modified":"2025-12-26T10:45:14","modified_gmt":"2025-12-26T10:45:14","slug":"probleme-penale-cu-droguri-in-anturajul-lui-ilie-bolojan-finul-premierului-este-acuzat-de-trafic-de-substante-interzise","status":"publish","type":"post","link":"https:\/\/247stiri.ro\/index.php\/2025\/12\/26\/probleme-penale-cu-droguri-in-anturajul-lui-ilie-bolojan-finul-premierului-este-acuzat-de-trafic-de-substante-interzise\/","title":{"rendered":"Probleme penale, cu droguri, \u00een anturajul lui Ilie Bolojan. Finul premierului este acuzat de trafic de substan\u021be interzise"},"content":{"rendered":"<p>Finul premierului Ilie Bolojan, Dan Negur\u0103, fost ofi\u021ber \u00een cadrul IPJ Suceava, este judecat \u00eentr-un dosar de trafic interna\u021bional de droguri de mare risc, dup\u0103 ce ar fi comandat substan\u021be interzise de pe \u201edark web\u201d \u0219i ar fi \u00eencercat s\u0103 le introduc\u0103 \u00een Rom\u00e2nia prin colete po\u0219tale, potrivit Realitatea Plus. Totul s-ar fi petrecut \u00een anul 2020, conform rechizitoriului DIICOT.<\/p>\n<p>Mai mult, Negur\u0103 este acuzat \u0219i de acces ilegal la un sistem informatic, dup\u0103 ce ar fi \u00eencercat s\u0103 verifice date dintr-o baz\u0103 oficial\u0103 pentru a afla dac\u0103 pachetele sale sunt monitorizate de autorit\u0103\u021bi.<\/p>\n<p>\u00cen trecut, Negur\u0103 a fost retrogradat disciplinar dup\u0103 ce a ap\u0103rut \u00een fotografii al\u0103turi de interlopul Adrian Corduneanu.<\/p>\n<p>Culmea este c\u0103 Ilie Bolojan a acceptat s\u0103-i fie na\u0219 de c\u0103s\u0103torie \u00een 2022, c\u00e2nd fostul poli\u021bist era deja cercetat \u00een dosar. Negur\u0103 este fiul primarului PNL din C\u00e2mpulung Moldovenesc, potrivit <a href=\"https:\/\/stiridinbucovina.ro\/fiul-primarului-din-campulung-moldovenesc-ofiterul-de-politie-dan-negura-anchetat-pentru-trafic-de-droguri-procurorii-anti-mafia-l-au-prins-ca-isi-comanda-pe-dark-net-senzatii-de-m\/\" target=\"_blank\">presei locale.<\/a><\/p>","protected":false},"excerpt":{"rendered":"<p>Finul premierului Ilie Bolojan, Dan Negur\u0103, fost ofi\u021ber \u00een cadrul IPJ Suceava, este judecat \u00eentr-un&hellip;<\/p>\n","protected":false},"author":0,"featured_media":54133,"comment_status":"open","ping_status":"open","sticky":false,"template":"","format":"standard","meta":{"footnotes":""},"categories":[2],"tags":[],"class_list":["post-54134","post","type-post","status-publish","format-standard","has-post-thumbnail","hentry","category-actual"],"_links":{"self":[{"href":"https:\/\/247stiri.ro\/index.php\/wp-json\/wp\/v2\/posts\/54134","targetHints":{"allow":["GET"]}}],"collection":[{"href":"https:\/\/247stiri.ro\/index.php\/wp-json\/wp\/v2\/posts"}],"about":[{"href":"https:\/\/247stiri.ro\/index.php\/wp-json\/wp\/v2\/types\/post"}],"replies":[{"embeddable":true,"href":"https:\/\/247stiri.ro\/index.php\/wp-json\/wp\/v2\/comments?post=54134"}],"version-history":[{"count":0,"href":"https:\/\/247stiri.ro\/index.php\/wp-json\/wp\/v2\/posts\/54134\/revisions"}],"wp:featuredmedia":[{"embeddable":true,"href":"https:\/\/247stiri.ro\/index.php\/wp-json\/wp\/v2\/media\/54133"}],"wp:attachment":[{"href":"https:\/\/247stiri.ro\/index.php\/wp-json\/wp\/v2\/media?parent=54134"}],"wp:term":[{"taxonomy":"category","embeddable":true,"href":"https:\/\/247stiri.ro\/index.php\/wp-json\/wp\/v2\/categories?post=54134"},{"taxonomy":"post_tag","embeddable":true,"href":"https:\/\/247stiri.ro\/index.php\/wp-json\/wp\/v2\/tags?post=54134"}],"curies":[{"name":"wp","href":"https:\/\/api.w.org\/{rel}","templated":true}]}}