{"id":54183,"date":"2025-12-26T14:45:35","date_gmt":"2025-12-26T14:45:35","guid":{"rendered":"https:\/\/247stiri.ro\/index.php\/2025\/12\/26\/alerta-disparitie-o-adolescenta-de-16-ani-este-cautata-la-nivel-national\/"},"modified":"2025-12-26T14:45:35","modified_gmt":"2025-12-26T14:45:35","slug":"alerta-disparitie-o-adolescenta-de-16-ani-este-cautata-la-nivel-national","status":"publish","type":"post","link":"https:\/\/247stiri.ro\/index.php\/2025\/12\/26\/alerta-disparitie-o-adolescenta-de-16-ani-este-cautata-la-nivel-national\/","title":{"rendered":"Alert\u0103 dispari\u021bie: o adolescent\u0103 de 16 ani este c\u0103utat\u0103 la nivel na\u021bional"},"content":{"rendered":"<p>Cr\u0103ciun Mariana Andreea este de neg\u0103sit<\/p>\n<p>\u00cen timp ce multe familii se preg\u0103tesc pentru s\u0103rb\u0103tori, aceast\u0103 dispari\u021bie aduce \u00eengrijorare \u0219i nelini\u0219te. Coinciden\u021ba dintre numele fetei \u0219i perioada \u00een care a disp\u0103rut accentueaz\u0103 impactul emo\u021bional al cazului, \u00eens\u0103 ancheta este tratat\u0103 cu maxim\u0103 seriozitate de c\u0103tre autorit\u0103\u021bi.<\/p>\n<p><a href=\"https:\/\/www.realitatea.net\/stiri\/justitie\/o-romanca-data-disparuta-gasita-dupa-17-ani-ce-a-dato-de-gol_693d335d11e58d13f83e2403\" target=\"_blank\">Conform informa\u021biilor furnizate de Poli\u021bie<\/a>, minora are aproximativ 1,70 metri \u00een\u0103l\u021bime, c\u00e2nt\u0103re\u0219te \u00een jur de 60 de kilograme, are p\u0103rul \u0219aten, ochii c\u0103prui \u0219i fa\u021ba oval\u0103. La momentul plec\u0103rii, aceasta purta blugi negri, o geac\u0103 neagr\u0103 cu guler din puf alb \u0219i papuci albi.<\/p>\n<p>Cazul a fost preluat de structurile de specialitate, iar adolescenta a fost dat\u0103 \u00een urm\u0103rire la nivel na\u021bional. Poli\u021bi\u0219tii fac apel la popula\u021bie: orice informa\u021bie care ar putea contribui la identificarea sau localizarea fetei este extrem de important\u0103.<\/p>\n<p>Persoanele care de\u021bin detalii relevante sunt rugate s\u0103 contacteze de urgen\u021b\u0103<a href=\"https:\/\/www.realitatea.net\/stiri\/actual\/alerta-in-braila-o-fata-de-14-ani-a-disparut-iar-tatal-a-anuntat-politia-abia-dupa-o-saptamana_693b1c780fbe875ac96ec253\" target=\"_blank\"> num\u0103rul unic de urgen\u021b\u0103 112.<\/a><\/p>","protected":false},"excerpt":{"rendered":"<p>Cr\u0103ciun Mariana Andreea este de neg\u0103sit \u00cen timp ce multe familii se preg\u0103tesc pentru s\u0103rb\u0103tori,&hellip;<\/p>\n","protected":false},"author":0,"featured_media":54184,"comment_status":"open","ping_status":"open","sticky":false,"template":"","format":"standard","meta":{"footnotes":""},"categories":[2],"tags":[],"class_list":["post-54183","post","type-post","status-publish","format-standard","has-post-thumbnail","hentry","category-actual"],"_links":{"self":[{"href":"https:\/\/247stiri.ro\/index.php\/wp-json\/wp\/v2\/posts\/54183","targetHints":{"allow":["GET"]}}],"collection":[{"href":"https:\/\/247stiri.ro\/index.php\/wp-json\/wp\/v2\/posts"}],"about":[{"href":"https:\/\/247stiri.ro\/index.php\/wp-json\/wp\/v2\/types\/post"}],"replies":[{"embeddable":true,"href":"https:\/\/247stiri.ro\/index.php\/wp-json\/wp\/v2\/comments?post=54183"}],"version-history":[{"count":0,"href":"https:\/\/247stiri.ro\/index.php\/wp-json\/wp\/v2\/posts\/54183\/revisions"}],"wp:featuredmedia":[{"embeddable":true,"href":"https:\/\/247stiri.ro\/index.php\/wp-json\/wp\/v2\/media\/54184"}],"wp:attachment":[{"href":"https:\/\/247stiri.ro\/index.php\/wp-json\/wp\/v2\/media?parent=54183"}],"wp:term":[{"taxonomy":"category","embeddable":true,"href":"https:\/\/247stiri.ro\/index.php\/wp-json\/wp\/v2\/categories?post=54183"},{"taxonomy":"post_tag","embeddable":true,"href":"https:\/\/247stiri.ro\/index.php\/wp-json\/wp\/v2\/tags?post=54183"}],"curies":[{"name":"wp","href":"https:\/\/api.w.org\/{rel}","templated":true}]}}