{"id":54225,"date":"2025-12-26T18:45:40","date_gmt":"2025-12-26T18:45:40","guid":{"rendered":"https:\/\/247stiri.ro\/index.php\/2025\/12\/26\/crima-de-craciun-barbat-de-68-de-ani-retinut-dupa-ce-si-a-ucis-sotia-in-bataie-a-chemat-o-asistenta-sa-o-ingrijeasca-dar-era-deja-moarta\/"},"modified":"2025-12-26T18:45:40","modified_gmt":"2025-12-26T18:45:40","slug":"crima-de-craciun-barbat-de-68-de-ani-retinut-dupa-ce-si-a-ucis-sotia-in-bataie-a-chemat-o-asistenta-sa-o-ingrijeasca-dar-era-deja-moarta","status":"publish","type":"post","link":"https:\/\/247stiri.ro\/index.php\/2025\/12\/26\/crima-de-craciun-barbat-de-68-de-ani-retinut-dupa-ce-si-a-ucis-sotia-in-bataie-a-chemat-o-asistenta-sa-o-ingrijeasca-dar-era-deja-moarta\/","title":{"rendered":"Crim\u0103 de Cr\u0103ciun: b\u0103rbat de 68 de ani re\u021binut, dup\u0103 ce \u0219i-a ucis so\u021bia \u00een b\u0103taie. A chemat o asistent\u0103 s\u0103 o \u00eengrijeasc\u0103, dar era deja moart\u0103"},"content":{"rendered":"<p>Ce au transmis poli\u021bi\u0219tii?<\/p>\n<p>Potrivit reprezentan\u021bilor Inspectoratului de Poli\u021bie Jude\u021bean Dolj, poli\u021bi\u0219tii au ajuns la fa\u021ba locului \u00een noaptea de joi spre vineri, identific\u00e2nd cadavrul femeii \u00een satul Golfin. Examinarea preliminar\u0103 a ar\u0103tat c\u0103 aceasta prezenta multiple leziuni la nivelul capului \u0219i corpului, suger\u00e2nd <a href=\"https:\/\/www.realitatea.net\/stiri\/actual\/barbatul-care-siar-fi-ucis-cu-barbarie-bunicul-a-fost-prins-este-consumator-de-droguri-iar-scenele-de-la-locul-crimei-iau-ingrozit-si-pe-anchetatori-foto_694e6d1c9119d4318c3b44b4\" target=\"_blank\">o posibil\u0103 agresiune fizic\u0103.<\/a><\/p>\n<p>Cercet\u0103rile au indicat c\u0103, \u00een seara de 25 decembrie, \u00eentre cei doi so\u021bi ar fi izbucnit un conflict spontan. \u00cen timpul alterca\u021biei, b\u0103rbatul ar fi lovit-o pe femeie cu pumnii \u0219i cu un obiect contondent, provoc\u00e2ndu-i leziuni care au dus la deces. Pentru clarificarea cauzei exacte a mor\u021bii, a fost dispus\u0103 efectuarea unei expertize medico-legale.<\/p>\n<p><a href=\"https:\/\/www.realitatea.net\/stiri\/actual\/crima-socanta-in-noaptea-de-ajun-un-barbat-de-36-de-ani-a-murit-dupa-ce-a-fost-batut-de-patru-persoane-printre-care-un-minor_694d41100fe3a325dd5b41d9\" target=\"_blank\">B\u0103rbatul a fost re\u021binut<\/a> pentru omor s\u0103v\u00e2r\u0219it asupra unui membru de familie, iar ancheta continu\u0103 pentru stabilirea tuturor circumstan\u021belor \u00een care s-a produs tragedia.<\/p>","protected":false},"excerpt":{"rendered":"<p>Ce au transmis poli\u021bi\u0219tii? Potrivit reprezentan\u021bilor Inspectoratului de Poli\u021bie Jude\u021bean Dolj, poli\u021bi\u0219tii au ajuns la&hellip;<\/p>\n","protected":false},"author":0,"featured_media":54226,"comment_status":"open","ping_status":"open","sticky":false,"template":"","format":"standard","meta":{"footnotes":""},"categories":[2],"tags":[],"class_list":["post-54225","post","type-post","status-publish","format-standard","has-post-thumbnail","hentry","category-actual"],"_links":{"self":[{"href":"https:\/\/247stiri.ro\/index.php\/wp-json\/wp\/v2\/posts\/54225","targetHints":{"allow":["GET"]}}],"collection":[{"href":"https:\/\/247stiri.ro\/index.php\/wp-json\/wp\/v2\/posts"}],"about":[{"href":"https:\/\/247stiri.ro\/index.php\/wp-json\/wp\/v2\/types\/post"}],"replies":[{"embeddable":true,"href":"https:\/\/247stiri.ro\/index.php\/wp-json\/wp\/v2\/comments?post=54225"}],"version-history":[{"count":0,"href":"https:\/\/247stiri.ro\/index.php\/wp-json\/wp\/v2\/posts\/54225\/revisions"}],"wp:featuredmedia":[{"embeddable":true,"href":"https:\/\/247stiri.ro\/index.php\/wp-json\/wp\/v2\/media\/54226"}],"wp:attachment":[{"href":"https:\/\/247stiri.ro\/index.php\/wp-json\/wp\/v2\/media?parent=54225"}],"wp:term":[{"taxonomy":"category","embeddable":true,"href":"https:\/\/247stiri.ro\/index.php\/wp-json\/wp\/v2\/categories?post=54225"},{"taxonomy":"post_tag","embeddable":true,"href":"https:\/\/247stiri.ro\/index.php\/wp-json\/wp\/v2\/tags?post=54225"}],"curies":[{"name":"wp","href":"https:\/\/api.w.org\/{rel}","templated":true}]}}