{"id":54234,"date":"2025-12-26T19:44:53","date_gmt":"2025-12-26T19:44:53","guid":{"rendered":"https:\/\/247stiri.ro\/index.php\/2025\/12\/26\/incendiu-intr-un-bloc-din-navodari-focul-a-pornit-de-la-instalatia-de-craciun-pusa-pe-balcon-26-de-persoane-evacuate\/"},"modified":"2025-12-26T19:44:53","modified_gmt":"2025-12-26T19:44:53","slug":"incendiu-intr-un-bloc-din-navodari-focul-a-pornit-de-la-instalatia-de-craciun-pusa-pe-balcon-26-de-persoane-evacuate","status":"publish","type":"post","link":"https:\/\/247stiri.ro\/index.php\/2025\/12\/26\/incendiu-intr-un-bloc-din-navodari-focul-a-pornit-de-la-instalatia-de-craciun-pusa-pe-balcon-26-de-persoane-evacuate\/","title":{"rendered":"Incendiu \u00eentr-un bloc din N\u0103vodari. Focul a pornit de la instala\u021bia de Cr\u0103ciun pus\u0103 pe balcon: 26 de persoane, evacuate"},"content":{"rendered":"<p><a href=\"https:\/\/www.realitatea.net\/stiri\/actual\/incendiu-intrun-bloc-din-giurgiu-zeci-de-locatari-evacuati-in-a-doua-zi-de-craciun_694e98ddc1371a52a164df72\" target=\"_blank\">Fl\u0103c\u0103rile \u0219i fumul dens<\/a> i-au determinat pe mai mul\u021bi oameni s\u0103 p\u0103r\u0103seasc\u0103 de urgen\u021b\u0103 imobilul, \u00eenainte de sosirea echipajelor de interven\u021bie.<\/p>\n<p>Incendiu \u00een N\u0103vodari<\/p>\n<p>Potrivit Inspectoratului pentru Situa\u021bii de Urgen\u021b\u0103 Dobrogea, apelul de urgen\u021b\u0103 a fost primit \u00een cursul serii, iar la fa\u021ba locului au fost trimise trei autospeciale de stingere, o autoscar\u0103 \u0219i un echipaj de prim-ajutor. Incendiul s-a manifestat pe balconul unui apartament situat la etajul patru, pe o suprafa\u021b\u0103 de aproximativ patru metri p\u0103tra\u021bi.<\/p>\n<p>La sosirea pompierilor, 26 de persoane \u2013 dintre care 23 de adul\u021bi \u0219i trei copii \u2013 se autoevacuaser\u0103 din cl\u0103dire. To\u021bi erau con\u0219tien\u021bi \u0219i cooperan\u021bi, f\u0103r\u0103 a prezenta arsuri sau intoxica\u021bii cu fum.<\/p>\n<p>Totu\u0219i, doi adul\u021bi au avut nevoie de \u00eengrijiri medicale dup\u0103 ce au suferit atacuri de panic\u0103, fiind asista\u021bi la fa\u021ba locului de echipajele medicale. Din fericire, niciuna dintre persoane nu a necesitat transport la spital.<\/p>\n<p><a href=\"https:\/\/www.realitatea.net\/stiri\/actual\/incendiu-tragic-intrun-sat-chiar-de-craciun-o-locuinta-a-fost-mistuita-de-flacari-iar-pompierii-au-descoperit-posibile-resturi-umane_694d48d1433b114ddb5cae63\" target=\"_blank\">Interven\u021bia prompt\u0103 a pompierilor<\/a> a dus la lichidarea rapid\u0103 a incendiului, prevenind extinderea fl\u0103c\u0103rilor c\u0103tre interiorul locuin\u021bei sau c\u0103tre alte apartamente.<\/p>","protected":false},"excerpt":{"rendered":"<p>Fl\u0103c\u0103rile \u0219i fumul dens i-au determinat pe mai mul\u021bi oameni s\u0103 p\u0103r\u0103seasc\u0103 de urgen\u021b\u0103 imobilul,&hellip;<\/p>\n","protected":false},"author":0,"featured_media":54235,"comment_status":"open","ping_status":"open","sticky":false,"template":"","format":"standard","meta":{"footnotes":""},"categories":[2],"tags":[],"class_list":["post-54234","post","type-post","status-publish","format-standard","has-post-thumbnail","hentry","category-actual"],"_links":{"self":[{"href":"https:\/\/247stiri.ro\/index.php\/wp-json\/wp\/v2\/posts\/54234","targetHints":{"allow":["GET"]}}],"collection":[{"href":"https:\/\/247stiri.ro\/index.php\/wp-json\/wp\/v2\/posts"}],"about":[{"href":"https:\/\/247stiri.ro\/index.php\/wp-json\/wp\/v2\/types\/post"}],"replies":[{"embeddable":true,"href":"https:\/\/247stiri.ro\/index.php\/wp-json\/wp\/v2\/comments?post=54234"}],"version-history":[{"count":0,"href":"https:\/\/247stiri.ro\/index.php\/wp-json\/wp\/v2\/posts\/54234\/revisions"}],"wp:featuredmedia":[{"embeddable":true,"href":"https:\/\/247stiri.ro\/index.php\/wp-json\/wp\/v2\/media\/54235"}],"wp:attachment":[{"href":"https:\/\/247stiri.ro\/index.php\/wp-json\/wp\/v2\/media?parent=54234"}],"wp:term":[{"taxonomy":"category","embeddable":true,"href":"https:\/\/247stiri.ro\/index.php\/wp-json\/wp\/v2\/categories?post=54234"},{"taxonomy":"post_tag","embeddable":true,"href":"https:\/\/247stiri.ro\/index.php\/wp-json\/wp\/v2\/tags?post=54234"}],"curies":[{"name":"wp","href":"https:\/\/api.w.org\/{rel}","templated":true}]}}