{"id":54238,"date":"2025-12-26T19:44:55","date_gmt":"2025-12-26T19:44:55","guid":{"rendered":"https:\/\/247stiri.ro\/index.php\/2025\/12\/26\/furtuna-a-facut-ravagii-pe-valea-prahovei-copaci-smulsi-de-vant-la-sinaia-si-un-autoturism-avariat\/"},"modified":"2025-12-26T19:44:55","modified_gmt":"2025-12-26T19:44:55","slug":"furtuna-a-facut-ravagii-pe-valea-prahovei-copaci-smulsi-de-vant-la-sinaia-si-un-autoturism-avariat","status":"publish","type":"post","link":"https:\/\/247stiri.ro\/index.php\/2025\/12\/26\/furtuna-a-facut-ravagii-pe-valea-prahovei-copaci-smulsi-de-vant-la-sinaia-si-un-autoturism-avariat\/","title":{"rendered":"Furtuna a f\u0103cut ravagii pe Valea Prahovei: copaci smul\u0219i de v\u00e2nt la Sinaia \u0219i un autoturism avariat"},"content":{"rendered":"<p>Rafale de v\u00e2nt \u00een Rom\u00e2nia<\/p>\n<p>Potrivit autorit\u0103\u021bilor, <a href=\"https:\/\/www.realitatea.net\/stiri\/vremea\/cod-portocaliu-de-vant-extrem-in-vestul-tarii-rafale-de-pana-la-140-kmh-in-zonele-montane_694ead335e8c23540b735e40\" target=\"_blank\">v\u00e2ntul violent<\/a> a dobor\u00e2t arbori pe mai multe str\u0103zi din ora\u0219, printre care Zamora \u0219i M\u0103n\u0103stirii. Pe strada Zamora, copacii au c\u0103zut peste garduri \u0219i cabluri de electricitate, iar pe strada M\u0103n\u0103stirii au fost raportate cel pu\u021bin cinci astfel de situa\u021bii.<\/p>\n<p>Unul dintre arborii rup\u021bi de rafale a c\u0103zut direct peste o ma\u0219in\u0103 aflat\u0103 \u00een trafic. \u00cen interior se aflau trei persoane care, din fericire, au sc\u0103pat f\u0103r\u0103 r\u0103ni, de\u0219i autoturismul a fost avariat.<\/p>\n<p>Reprezentan\u021bii Inspectoratului pentru Situa\u021bii de Urgen\u021b\u0103 Prahova au transmis c\u0103 echipajele de pompieri din cadrul Deta\u0219amentului Sinaia au intervenit de urgen\u021b\u0103 \u00een zonele afectate, lucr\u0103rile de degajare fiind \u00een plin\u0103 desf\u0103\u0219urare la momentul transmiterii informa\u021biei.<\/p>\n<p>Jude\u021bul Prahova s-a aflat vineri sub avertizare cod portocaliu de v\u00e2nt, iar meteorologii au anun\u021bat rafale extrem de puternice la altitudini mari. Conform Administra\u021biei Na\u021bionale de Meteorologie, \u00een zonele montane situate la peste 1.800 de metri, viteza v\u00e2ntului a atins valori cuprinse \u00eentre 120 \u0219i 140 km\/h, fenomenul fiind prognozat p\u00e2n\u0103 \u00een jurul orei 23.00.<\/p>\n<p><a href=\"https:\/\/www.realitatea.net\/stiri\/actual\/copac-doborat-de-vantul-puternic-in-capitala-avertisment-din-partea-autoritatilor-foto_694cf25e5a429d541e4fb142\" target=\"_blank\">Autorit\u0103\u021bile recomand\u0103<\/a> popula\u021biei pruden\u021b\u0103 \u0219i evitarea deplas\u0103rilor \u00een zonele expuse riscurilor pe durata manifest\u0103rii fenomenelor meteo periculoase.<\/p>\n<p class=\"pf0\">\u00a0<\/p>","protected":false},"excerpt":{"rendered":"<p>Rafale de v\u00e2nt \u00een Rom\u00e2nia Potrivit autorit\u0103\u021bilor, v\u00e2ntul violent a dobor\u00e2t arbori pe mai multe&hellip;<\/p>\n","protected":false},"author":0,"featured_media":54239,"comment_status":"open","ping_status":"open","sticky":false,"template":"","format":"standard","meta":{"footnotes":""},"categories":[2],"tags":[],"class_list":["post-54238","post","type-post","status-publish","format-standard","has-post-thumbnail","hentry","category-actual"],"_links":{"self":[{"href":"https:\/\/247stiri.ro\/index.php\/wp-json\/wp\/v2\/posts\/54238","targetHints":{"allow":["GET"]}}],"collection":[{"href":"https:\/\/247stiri.ro\/index.php\/wp-json\/wp\/v2\/posts"}],"about":[{"href":"https:\/\/247stiri.ro\/index.php\/wp-json\/wp\/v2\/types\/post"}],"replies":[{"embeddable":true,"href":"https:\/\/247stiri.ro\/index.php\/wp-json\/wp\/v2\/comments?post=54238"}],"version-history":[{"count":0,"href":"https:\/\/247stiri.ro\/index.php\/wp-json\/wp\/v2\/posts\/54238\/revisions"}],"wp:featuredmedia":[{"embeddable":true,"href":"https:\/\/247stiri.ro\/index.php\/wp-json\/wp\/v2\/media\/54239"}],"wp:attachment":[{"href":"https:\/\/247stiri.ro\/index.php\/wp-json\/wp\/v2\/media?parent=54238"}],"wp:term":[{"taxonomy":"category","embeddable":true,"href":"https:\/\/247stiri.ro\/index.php\/wp-json\/wp\/v2\/categories?post=54238"},{"taxonomy":"post_tag","embeddable":true,"href":"https:\/\/247stiri.ro\/index.php\/wp-json\/wp\/v2\/tags?post=54238"}],"curies":[{"name":"wp","href":"https:\/\/api.w.org\/{rel}","templated":true}]}}