{"id":54241,"date":"2025-12-27T06:44:45","date_gmt":"2025-12-27T06:44:45","guid":{"rendered":"https:\/\/247stiri.ro\/index.php\/2025\/12\/27\/atac-cu-cutitul-in-metroul-din-paris-trei-femei-ranite-suspectul-prins-la-domiciliu\/"},"modified":"2025-12-27T06:44:45","modified_gmt":"2025-12-27T06:44:45","slug":"atac-cu-cutitul-in-metroul-din-paris-trei-femei-ranite-suspectul-prins-la-domiciliu","status":"publish","type":"post","link":"https:\/\/247stiri.ro\/index.php\/2025\/12\/27\/atac-cu-cutitul-in-metroul-din-paris-trei-femei-ranite-suspectul-prins-la-domiciliu\/","title":{"rendered":"Atac cu cu\u021bitul \u00een metroul din Paris: trei femei r\u0103nite, suspectul prins la domiciliu"},"content":{"rendered":"<p>Incidentul s-a petrecut pe linia 3, \u00eentr-un interval de aproximativ 30 de minute, \u00eentre orele 16:15 \u0219i 16:45, potrivit informa\u021biilor furnizate de surse din cadrul poli\u021biei franceze.<\/p>\n<p>Atacurile agresorului<\/p>\n<p>Agresorul a ac\u021bionat succesiv \u00een mai multe sta\u021bii, primele atacuri fiind raportate \u00een zona R\u00e9publique, dup\u0103 care acesta \u0219i-a continuat deplasarea c\u0103tre Arts et M\u00e9tiers \u0219i Op\u00e9ra, unde a mai r\u0103nit alte persoane. Ulterior, b\u0103rbatul a p\u0103r\u0103sit linia \u0219i a reu\u0219it s\u0103 se fac\u0103 nev\u0103zut pentru c\u00e2teva ore.<\/p>\n<p><a href=\"https:\/\/www.realitatea.net\/stiri\/extern\/atac-violent-intro-fabrica-din-japonia-15-persoane-ranite-dupa-ce-un-barbat-a-folosit-cutitul-si-un-lichid-periculos_694ecf2e3f86903e9f27e93f\" target=\"_blank\">\u00cen urma agresiunilor<\/a>, trei femei au suferit r\u0103ni provocate de arm\u0103 alb\u0103. Din fericire, autorit\u0103\u021bile au precizat c\u0103 niciuna dintre victime nu se afl\u0103 \u00een stare grav\u0103, leziunile fiind superficiale. O femeie a fost t\u0103iat\u0103 la nivelul piciorului, iar o alta a suferit o ran\u0103 la spate. Toate au primit \u00eengrijiri medicale.<\/p>\n<p>Suspectul, descris ca fiind un b\u0103rbat cu constitu\u021bie slab\u0103, \u00eembr\u0103cat \u00eentr-o hain\u0103 de culoare kaki, a fost identificat \u0219i re\u021binut \u00een cursul serii la Sarcelles, \u00een regiunea parizian\u0103, chiar la domiciliul s\u0103u. Poli\u021bia a confirmat capturarea acestuia, iar ancheta este \u00een desf\u0103\u0219urare pentru stabilirea motivelor care au stat la baza atacului.<\/p>\n<p><a href=\"https:\/\/www.realitatea.net\/stiri\/actual\/politisti-atacati-cu-drujba-in-ajunul-craciunului-in-judetul-suceava-agresorul-impuscat-si-imobilizat-foto_694d14a018355808cc77fad2\" target=\"_blank\">\u00cen urma incidentului,<\/a> for\u021bele de securitate au fost suplimentate pe linia afectat\u0103, iar operatorul de transport RATP a activat celula special\u0103 de sprijin psihologic pentru a oferi asisten\u021b\u0103 victimelor \u0219i c\u0103l\u0103torilor afecta\u021bi de eveniment.<\/p>\n<p>Autorit\u0103\u021bile au precizat c\u0103, \u00een acest stadiu al investiga\u021biei, nu exist\u0103 indicii care s\u0103 sugereze un act de natur\u0103 terorist\u0103, cazul fiind tratat ca un incident violent izolat.<\/p>","protected":false},"excerpt":{"rendered":"<p>Incidentul s-a petrecut pe linia 3, \u00eentr-un interval de aproximativ 30 de minute, \u00eentre orele&hellip;<\/p>\n","protected":false},"author":0,"featured_media":54242,"comment_status":"open","ping_status":"open","sticky":false,"template":"","format":"standard","meta":{"footnotes":""},"categories":[4],"tags":[],"class_list":["post-54241","post","type-post","status-publish","format-standard","has-post-thumbnail","hentry","category-extern"],"_links":{"self":[{"href":"https:\/\/247stiri.ro\/index.php\/wp-json\/wp\/v2\/posts\/54241","targetHints":{"allow":["GET"]}}],"collection":[{"href":"https:\/\/247stiri.ro\/index.php\/wp-json\/wp\/v2\/posts"}],"about":[{"href":"https:\/\/247stiri.ro\/index.php\/wp-json\/wp\/v2\/types\/post"}],"replies":[{"embeddable":true,"href":"https:\/\/247stiri.ro\/index.php\/wp-json\/wp\/v2\/comments?post=54241"}],"version-history":[{"count":0,"href":"https:\/\/247stiri.ro\/index.php\/wp-json\/wp\/v2\/posts\/54241\/revisions"}],"wp:featuredmedia":[{"embeddable":true,"href":"https:\/\/247stiri.ro\/index.php\/wp-json\/wp\/v2\/media\/54242"}],"wp:attachment":[{"href":"https:\/\/247stiri.ro\/index.php\/wp-json\/wp\/v2\/media?parent=54241"}],"wp:term":[{"taxonomy":"category","embeddable":true,"href":"https:\/\/247stiri.ro\/index.php\/wp-json\/wp\/v2\/categories?post=54241"},{"taxonomy":"post_tag","embeddable":true,"href":"https:\/\/247stiri.ro\/index.php\/wp-json\/wp\/v2\/tags?post=54241"}],"curies":[{"name":"wp","href":"https:\/\/api.w.org\/{rel}","templated":true}]}}