{"id":54253,"date":"2025-12-27T07:44:54","date_gmt":"2025-12-27T07:44:54","guid":{"rendered":"https:\/\/247stiri.ro\/index.php\/2025\/12\/27\/florin-calinescu-ordonanta-trenulet-e-o-ticalosie\/"},"modified":"2025-12-27T07:44:54","modified_gmt":"2025-12-27T07:44:54","slug":"florin-calinescu-ordonanta-trenulet-e-o-ticalosie","status":"publish","type":"post","link":"https:\/\/247stiri.ro\/index.php\/2025\/12\/27\/florin-calinescu-ordonanta-trenulet-e-o-ticalosie\/","title":{"rendered":"Florin C\u0103linescu: \u201eOrdonan\u021ba trenule\u021b e o tic\u0103lo\u0219ie!\u201d"},"content":{"rendered":"<p>Mai mult, <a href=\"https:\/\/www.realitatea.net\/stiri\/politica\/culisele-statului-paralel-florin-calinescu-dinamiteaza-rezistii-de-la-putere-as-putea-ajunge-presedinte-pana-in-primavara_694a2dc19ca6231dc07ea482\" target=\"_blank\">Florin C\u0103linescu<\/a> a spus c\u0103 aceast\u0103 decizie e o tic\u0103lo\u0219ie din punct de vedere cre\u0219tine\u0219te \u0219i a asem\u0103nat-o cu execu\u021bia so\u021bilor Ceau\u0219escu de Cr\u0103ciun. <\/p>\n<p>Florin C\u0103linescu: \u201eM\u0103surile lui Bolojan sunt lipsite de empatie!\u201d<\/p>\n<p>\u201eEl \u0219i-a luat liber. A muncit at\u00e2t de mult \u00eenc\u00e2t pur si simplu a clacat \u0219i \u0219i-a fixat singur zilele libere.<\/p>\n<p>M-a\u0219 fi a\u0219teptat s\u0103 stea singur in Guvern \u0219i s\u0103 mai preg\u0103teasc\u0103 ni\u0219te chestii.<\/p>\n<p>Cum s-a g\u00e2ndit el \u0219i a zis: m\u00e2nca-i-ar tata de cet\u0103\u021beni, ce lovitur\u0103 sa le dau eu.. ultima pe anul \u0103sta. Un trenule\u021b, ordonan\u021ba, ce s\u0103 v\u0103 aduc\u0103 Mo\u0219ul?<\/p>\n<p>Rom\u00e2nii, pe bun\u0103 dreptate, c\u00e2t mai pot \u00eencearc\u0103 s\u0103 s\u0103rb\u0103toreasca moderat, hard, acest sf\u00e2r\u0219it de an. Pe asta s-a bazat. Asta este o tic\u0103lo\u0219ie din punct de vedere cre\u0219tin&#8230;seam\u0103n\u0103 cumva cu execu\u021bia lui Ceau\u0219escu, exact de Cr\u0103ciun.<\/p>\n<p>Adic\u0103 s\u0103 vii cu aceast\u0103&#8230;am spus \u0219i s\u0103pt\u0103m\u00e2na trecut\u0103&#8230; lips\u0103 asta de empatie, d\u0103 dovada de cinism. E gol pe din\u0103untru. Acest om e gol. C\u00e2nd vorbe\u0219te strig\u0103 la noi. Are ni\u0219te bodyguarzi care \u00eembr\u00e2ncesc pe toat\u0103 lumea ca s\u0103 nu-i dea Covid mutant. <\/p>\n<p>Probabil c\u0103 masurile astea nu-s din capu lui. E&#8230; aici nu \u0219tiu din capul cui sunt, dar sunt total lipsite de empatie fa\u021b\u0103 de popula\u021bie.<\/p>\n<p>Faptul c\u0103 trebuia s\u0103 spun\u0103: stima\u021bi compatrio\u021bi&#8230; 30, 35 de ani, dezastru to\u021bi&#8230;un fel de capital politic&#8230;v\u0103 rog s\u0103 \u00een\u021belege\u021bi, \u0219i s\u0103 spui clar \u00een 6 luni facem asta, ve\u021bi vedea asta. Pa\u0219tele s-ar putea s\u0103 va dau mielu\u021bul la to\u021bi, ou\u0103, cozonac, nu \u0219tiu ce.\u201d, a declarat<a href=\"https:\/\/www.realitatea.net\/stiri\/politica\/florin-calinescu-mesaj-dur-pentru-presedintele-romaniei-a-semnat-ca-nu-se-mareste-tvaul-in-timpul-mandatului-lui-asta-se-cheama-minciuna_6914bb0aa28941695d17b412\" target=\"_blank\"> Florin C\u0103linescu<\/a>, exclusiv la Realitatea PLUS.<\/p>\n<p>\u00a0<\/p>\n<p class=\"pf0\">\u00a0<\/p>","protected":false},"excerpt":{"rendered":"<p>Mai mult, Florin C\u0103linescu a spus c\u0103 aceast\u0103 decizie e o tic\u0103lo\u0219ie din punct de&hellip;<\/p>\n","protected":false},"author":0,"featured_media":54254,"comment_status":"open","ping_status":"open","sticky":false,"template":"","format":"standard","meta":{"footnotes":""},"categories":[2],"tags":[],"class_list":["post-54253","post","type-post","status-publish","format-standard","has-post-thumbnail","hentry","category-actual"],"_links":{"self":[{"href":"https:\/\/247stiri.ro\/index.php\/wp-json\/wp\/v2\/posts\/54253","targetHints":{"allow":["GET"]}}],"collection":[{"href":"https:\/\/247stiri.ro\/index.php\/wp-json\/wp\/v2\/posts"}],"about":[{"href":"https:\/\/247stiri.ro\/index.php\/wp-json\/wp\/v2\/types\/post"}],"replies":[{"embeddable":true,"href":"https:\/\/247stiri.ro\/index.php\/wp-json\/wp\/v2\/comments?post=54253"}],"version-history":[{"count":0,"href":"https:\/\/247stiri.ro\/index.php\/wp-json\/wp\/v2\/posts\/54253\/revisions"}],"wp:featuredmedia":[{"embeddable":true,"href":"https:\/\/247stiri.ro\/index.php\/wp-json\/wp\/v2\/media\/54254"}],"wp:attachment":[{"href":"https:\/\/247stiri.ro\/index.php\/wp-json\/wp\/v2\/media?parent=54253"}],"wp:term":[{"taxonomy":"category","embeddable":true,"href":"https:\/\/247stiri.ro\/index.php\/wp-json\/wp\/v2\/categories?post=54253"},{"taxonomy":"post_tag","embeddable":true,"href":"https:\/\/247stiri.ro\/index.php\/wp-json\/wp\/v2\/tags?post=54253"}],"curies":[{"name":"wp","href":"https:\/\/api.w.org\/{rel}","templated":true}]}}