{"id":54275,"date":"2025-12-27T10:47:14","date_gmt":"2025-12-27T10:47:14","guid":{"rendered":"https:\/\/247stiri.ro\/index.php\/2025\/12\/27\/seful-nato-vrea-ca-ue-sa-depinda-in-continuare-de-sua-trump-cere-ue-sa-nu-depinda-de-armata-sua\/"},"modified":"2025-12-27T10:47:14","modified_gmt":"2025-12-27T10:47:14","slug":"seful-nato-vrea-ca-ue-sa-depinda-in-continuare-de-sua-trump-cere-ue-sa-nu-depinda-de-armata-sua","status":"publish","type":"post","link":"https:\/\/247stiri.ro\/index.php\/2025\/12\/27\/seful-nato-vrea-ca-ue-sa-depinda-in-continuare-de-sua-trump-cere-ue-sa-nu-depinda-de-armata-sua\/","title":{"rendered":"\u0218eful NATO vrea ca UE s\u0103 depind\u0103 \u00een continuare de SUA. Trump cere UE s\u0103 nu depind\u0103 de armata SUA"},"content":{"rendered":"<p>\u0218eful NATO nu crede c\u0103 UE trebuie s\u0103 devin\u0103 independent\u0103 militar<\/p>\n<p>Potrivit lui Mark Rutte, Washingtonul se a\u0219teapt\u0103 ca statele europene s\u0103 \u00ee\u0219i asume o parte mai mare din responsabilitate \u0219i s\u0103 creasc\u0103<a href=\"https:\/\/www.realitatea.net\/stiri\/actual\/zelenski-se-intalneste-cu-trump-duminica-pentru-discutii-despre-teritoriul-si-securitatea-ucrainei-scopul-este-finalizarea-tuturor-aspectelor-pe-cat-posibil_694e9bfe7266770015219d3b\" target=\"_blank\"> cheltuielile destinate ap\u0103r\u0103rii.<\/a><\/p>\n<p>Totodat\u0103, fostul premier olandez a amintit summitul NATO din iunie, desf\u0103\u0219urat la Haga, unde alia\u021bii au convenit s\u0103 creasc\u0103 bugetele pentru ap\u0103rare p\u00e2n\u0103 la 5% din PIB p\u00e2n\u0103 \u00een 2035.<\/p>\n<p>El a subliniat, de asemenea, c\u0103, \u00een ciuda rolului important al Uniunii Europene, cele 23 de state membre ale UE care fac parte \u0219i din NATO asigur\u0103 doar aproximativ un sfert din <a href=\"https:\/\/www.realitatea.net\/stiri\/actual\/in-plin-scandal-al-dosarului-epstein-trump-ii-ataca-pe-cei-care-lau-adorat-pe-controversatul-finantator-si-apoi-lau-abandonat-ca-pe-un-caine_694e7a8928dbef240f632652\" target=\"_blank\">bugetul total al alian\u021bei.<\/a><\/p>","protected":false},"excerpt":{"rendered":"<p>\u0218eful NATO nu crede c\u0103 UE trebuie s\u0103 devin\u0103 independent\u0103 militar Potrivit lui Mark Rutte,&hellip;<\/p>\n","protected":false},"author":0,"featured_media":54276,"comment_status":"open","ping_status":"open","sticky":false,"template":"","format":"standard","meta":{"footnotes":""},"categories":[4],"tags":[],"class_list":["post-54275","post","type-post","status-publish","format-standard","has-post-thumbnail","hentry","category-extern"],"_links":{"self":[{"href":"https:\/\/247stiri.ro\/index.php\/wp-json\/wp\/v2\/posts\/54275","targetHints":{"allow":["GET"]}}],"collection":[{"href":"https:\/\/247stiri.ro\/index.php\/wp-json\/wp\/v2\/posts"}],"about":[{"href":"https:\/\/247stiri.ro\/index.php\/wp-json\/wp\/v2\/types\/post"}],"replies":[{"embeddable":true,"href":"https:\/\/247stiri.ro\/index.php\/wp-json\/wp\/v2\/comments?post=54275"}],"version-history":[{"count":0,"href":"https:\/\/247stiri.ro\/index.php\/wp-json\/wp\/v2\/posts\/54275\/revisions"}],"wp:featuredmedia":[{"embeddable":true,"href":"https:\/\/247stiri.ro\/index.php\/wp-json\/wp\/v2\/media\/54276"}],"wp:attachment":[{"href":"https:\/\/247stiri.ro\/index.php\/wp-json\/wp\/v2\/media?parent=54275"}],"wp:term":[{"taxonomy":"category","embeddable":true,"href":"https:\/\/247stiri.ro\/index.php\/wp-json\/wp\/v2\/categories?post=54275"},{"taxonomy":"post_tag","embeddable":true,"href":"https:\/\/247stiri.ro\/index.php\/wp-json\/wp\/v2\/tags?post=54275"}],"curies":[{"name":"wp","href":"https:\/\/api.w.org\/{rel}","templated":true}]}}