{"id":54277,"date":"2025-12-27T10:47:15","date_gmt":"2025-12-27T10:47:15","guid":{"rendered":"https:\/\/247stiri.ro\/index.php\/2025\/12\/27\/sedinta-cruciala-pe-reforma-pensiilor-speciale-la-ccr-bolojan-spune-ca-isi-da-demisia-daca-proiectul-nu-va-trece-de-ccr\/"},"modified":"2025-12-27T10:47:15","modified_gmt":"2025-12-27T10:47:15","slug":"sedinta-cruciala-pe-reforma-pensiilor-speciale-la-ccr-bolojan-spune-ca-isi-da-demisia-daca-proiectul-nu-va-trece-de-ccr","status":"publish","type":"post","link":"https:\/\/247stiri.ro\/index.php\/2025\/12\/27\/sedinta-cruciala-pe-reforma-pensiilor-speciale-la-ccr-bolojan-spune-ca-isi-da-demisia-daca-proiectul-nu-va-trece-de-ccr\/","title":{"rendered":"\u0218edin\u021b\u0103 crucial\u0103 pe reforma pensiilor speciale la CCR. Bolojan spune c\u0103 \u00ee\u0219i d\u0103 demisia dac\u0103 proiectul nu va trece de CCR"},"content":{"rendered":"<p>Toate \u00een contextul \u00een care premierul a declarat c\u0103 \u00ee\u0219i va da demisia dac\u0103 proiectul nu va trece.<\/p>\n<p>Sunt tensiuni uria\u0219e care ar putea schimba inclusiv <a href=\"https:\/\/www.realitatea.net\/stiri\/actual\/fost-presedinte-ccr-despre-magistratii-care-se-plang-abuzurile-din-justitie-ar-vrea-sa-ajunga-presedinti-de-curte-sau-de-judecatorie-nui-loc-pentru-toti_69497ed1e68645600778e1f2\" target=\"_blank\">\u00a0soarta Guvernului. <\/a><\/p>\n<p>Judec\u0103torii CCR decid soarta magistra\u021bilor<\/p>\n<p>CCR urmeaz\u0103 s\u0103 se \u00eentruneasc\u0103 pentru o \u0219edin\u021b\u0103 special\u0103 care va decide soarta magistra\u021bilor. Va fi dezb\u0103tut \u0219i votat proiectul pe pensiile speciale pe care premierul Ilie Bolojan \u0219i l-a asumat \u00een Parlament.<\/p>\n<p>Acesta prevede ca v\u00e2rsta de pensionare a judec\u0103torilor \u0219i procurorilor s\u0103 creasc\u0103 la 65 de ani \u0219i, de asemenea, cuantumul pensiei s\u0103 nu dep\u0103\u0219easc\u0103 70% in salariul net.<\/p>\n<p>CSM nu a fost de acord cu aceast\u0103 reform\u0103, iar \u00cenalta Curte de Casa\u021bie \u0219i Justi\u021bie a cerut implicarea CCR. \u0218edin\u021ba a avut mai multe termene, \u00eens\u0103 acestea au fost am\u00e2nate p\u00e2n\u0103 m\u00e2ine la ora 13:00 c\u00e2nd va avea loc aceast\u0103 \u00eentrunire.<\/p>\n<p><a href=\"https:\/\/www.realitatea.net\/stiri\/actual\/fostul-ministru-al-finantelor-adrian-caciu-ironizeaza-revolta-tardiva-a-unor-magistrati-cu-40000-de-lei-pensie_69495cceb34bb53eff7c52a3\" target=\"_blank\">R\u0103m\u00e2ne de v\u0103zut<\/a> ce vor decide judec\u0103torii, dac\u0103 va trece sau nu acest proiect. Premierul Ilie Bolojan spunea c\u0103 dac\u0103 va primi un aviz negativ \u00ee\u0219i va da demisia.<\/p>","protected":false},"excerpt":{"rendered":"<p>Toate \u00een contextul \u00een care premierul a declarat c\u0103 \u00ee\u0219i va da demisia dac\u0103 proiectul&hellip;<\/p>\n","protected":false},"author":0,"featured_media":54270,"comment_status":"open","ping_status":"open","sticky":false,"template":"","format":"standard","meta":{"footnotes":""},"categories":[3],"tags":[],"class_list":["post-54277","post","type-post","status-publish","format-standard","has-post-thumbnail","hentry","category-politica"],"_links":{"self":[{"href":"https:\/\/247stiri.ro\/index.php\/wp-json\/wp\/v2\/posts\/54277","targetHints":{"allow":["GET"]}}],"collection":[{"href":"https:\/\/247stiri.ro\/index.php\/wp-json\/wp\/v2\/posts"}],"about":[{"href":"https:\/\/247stiri.ro\/index.php\/wp-json\/wp\/v2\/types\/post"}],"replies":[{"embeddable":true,"href":"https:\/\/247stiri.ro\/index.php\/wp-json\/wp\/v2\/comments?post=54277"}],"version-history":[{"count":0,"href":"https:\/\/247stiri.ro\/index.php\/wp-json\/wp\/v2\/posts\/54277\/revisions"}],"wp:featuredmedia":[{"embeddable":true,"href":"https:\/\/247stiri.ro\/index.php\/wp-json\/wp\/v2\/media\/54270"}],"wp:attachment":[{"href":"https:\/\/247stiri.ro\/index.php\/wp-json\/wp\/v2\/media?parent=54277"}],"wp:term":[{"taxonomy":"category","embeddable":true,"href":"https:\/\/247stiri.ro\/index.php\/wp-json\/wp\/v2\/categories?post=54277"},{"taxonomy":"post_tag","embeddable":true,"href":"https:\/\/247stiri.ro\/index.php\/wp-json\/wp\/v2\/tags?post=54277"}],"curies":[{"name":"wp","href":"https:\/\/api.w.org\/{rel}","templated":true}]}}