{"id":5434,"date":"2024-11-07T13:10:50","date_gmt":"2024-11-07T13:10:50","guid":{"rendered":"https:\/\/247stiri.ro\/index.php\/2024\/11\/07\/florin-roman-pnl-marcel-ciolacu-nu-are-nicio-jena-in-a-folosi-institutiile-statului-in-campania-electorala\/"},"modified":"2024-11-07T13:10:50","modified_gmt":"2024-11-07T13:10:50","slug":"florin-roman-pnl-marcel-ciolacu-nu-are-nicio-jena-in-a-folosi-institutiile-statului-in-campania-electorala","status":"publish","type":"post","link":"https:\/\/247stiri.ro\/index.php\/2024\/11\/07\/florin-roman-pnl-marcel-ciolacu-nu-are-nicio-jena-in-a-folosi-institutiile-statului-in-campania-electorala\/","title":{"rendered":"Florin Roman (PNL): Marcel Ciolacu nu are nicio jen\u0103 \u00een a folosi institu\u021biile statului \u00een campania electoral\u0103"},"content":{"rendered":"<p>&#8222;Acum se folose\u0219te de Avocatul Poporului, doamna Reanta Weber, sus\u021binut\u0103 de PSD, doar pentru a se r\u0103zbuna pe militari \u0219i proiectul de lege al PNL. \u0218tiind ca acolo sunt 4 judec\u0103tori numi\u021bi de PSD, intui\u021bi decizia CCR?&#8221;, acuz\u0103 liberaul, \u00eentr-o postare pe Facebook.\u00a0\u00a0Potrivit lui Florin Roman, Ciolacu a procedat la fel \u0219i atunci &#8222;c\u00e2nd a scos-o din curs\u0103 pe m\u00e2na CCR, pe Diana Sosoaca, astfel \u00eenc\u00e2t s\u0103-l \u00eemping\u0103 pe George Simion \u00een turul 2&#8221;.\u00a0&#8222;Nu a sc\u0103pat nici AEP, unde b\u0103tr\u00e2nul pesedist, Toni Grebla, este scos la \u00eenaintare pentru a bloca referendumul lui Nicu\u0219or Dan pe Bucure\u0219ti!&#8221;, a transmis deputatul PNL.\u00a0<a href=\"https:\/\/www.realitatea.net\/stiri\/actual\/florin-roman-pnl-cand-dreapta-se-mobilizeaza-psd-pierde-cand-psd-pierde-romania-castiga_672b57e223cfa00d8d15fdf9\" target=\"_blank\" rel=\"noopener\">Florin Roman, PNL: \u201eC\u00e2nd dreapta se mobilizeaz\u0103, PSD pierde. C\u00e2nd PSD pierde, Rom\u00e2nia c\u00e2\u0219tig\u0103\u201d<\/a><\/p>","protected":false},"excerpt":{"rendered":"<p>&#8222;Acum se folose\u0219te de Avocatul Poporului, doamna Reanta Weber, sus\u021binut\u0103 de PSD, doar pentru a&hellip;<\/p>\n","protected":false},"author":0,"featured_media":5435,"comment_status":"open","ping_status":"open","sticky":false,"template":"","format":"standard","meta":{"footnotes":""},"categories":[3],"tags":[],"class_list":["post-5434","post","type-post","status-publish","format-standard","has-post-thumbnail","hentry","category-politica"],"_links":{"self":[{"href":"https:\/\/247stiri.ro\/index.php\/wp-json\/wp\/v2\/posts\/5434","targetHints":{"allow":["GET"]}}],"collection":[{"href":"https:\/\/247stiri.ro\/index.php\/wp-json\/wp\/v2\/posts"}],"about":[{"href":"https:\/\/247stiri.ro\/index.php\/wp-json\/wp\/v2\/types\/post"}],"replies":[{"embeddable":true,"href":"https:\/\/247stiri.ro\/index.php\/wp-json\/wp\/v2\/comments?post=5434"}],"version-history":[{"count":0,"href":"https:\/\/247stiri.ro\/index.php\/wp-json\/wp\/v2\/posts\/5434\/revisions"}],"wp:featuredmedia":[{"embeddable":true,"href":"https:\/\/247stiri.ro\/index.php\/wp-json\/wp\/v2\/media\/5435"}],"wp:attachment":[{"href":"https:\/\/247stiri.ro\/index.php\/wp-json\/wp\/v2\/media?parent=5434"}],"wp:term":[{"taxonomy":"category","embeddable":true,"href":"https:\/\/247stiri.ro\/index.php\/wp-json\/wp\/v2\/categories?post=5434"},{"taxonomy":"post_tag","embeddable":true,"href":"https:\/\/247stiri.ro\/index.php\/wp-json\/wp\/v2\/tags?post=5434"}],"curies":[{"name":"wp","href":"https:\/\/api.w.org\/{rel}","templated":true}]}}