{"id":54349,"date":"2025-12-27T18:45:01","date_gmt":"2025-12-27T18:45:01","guid":{"rendered":"https:\/\/247stiri.ro\/index.php\/2025\/12\/27\/scaunul-prezidential-se-cam-clatina-nicusor-dan-risca-suspendarea-de-cat-voturi-mai-are-nevoie-opozitia\/"},"modified":"2025-12-27T18:45:01","modified_gmt":"2025-12-27T18:45:01","slug":"scaunul-prezidential-se-cam-clatina-nicusor-dan-risca-suspendarea-de-cat-voturi-mai-are-nevoie-opozitia","status":"publish","type":"post","link":"https:\/\/247stiri.ro\/index.php\/2025\/12\/27\/scaunul-prezidential-se-cam-clatina-nicusor-dan-risca-suspendarea-de-cat-voturi-mai-are-nevoie-opozitia\/","title":{"rendered":"Scaunul preziden\u021bial se cam clatin\u0103. Nicu\u0219or Dan risc\u0103 suspendarea. De c\u00e2t voturi mai are nevoie Opozi\u021bia"},"content":{"rendered":"<p>Pre\u0219edintele Nicu\u0219or Dan se afl\u0103 \u00een centrul unui scandal politic major, dup\u0103 ce opozi\u021bia a lansat o serie de acuza\u021bii grave care vizeaz\u0103 modul \u00een care acesta \u00ee\u0219i exercit\u0103 mandatul. Criticile principale se concentreaz\u0103 pe o presupus\u0103 \u00eenc\u0103lcare a principiului separa\u021biei puterilor \u00een stat, gest care a alimentat demersurile recente pentru suspendarea sa din func\u021bie.<\/p>\n<p>Pe l\u00e2ng\u0103 derapajele institu\u021bionale invocate, \u0219eful statului este criticat dur \u0219i pentru lipsa de transparen\u021b\u0103 privind evenimentele care au dus la instalarea sa la putere. De\u0219i au trecut deja \u0219apte luni de c\u00e2nd a promis publicarea unui raport detaliat privind anularea procesului electoral din decembrie 2024, Nicu\u0219or Dan continu\u0103 s\u0103 am\u00e2ne dezv\u0103luirea acestui document.<\/p>\n<p>Opozi\u021bia sus\u021bine c\u0103 t\u0103cerea pre\u0219edintelui este nejustificat\u0103 \u0219i c\u0103 rom\u00e2nii au dreptul s\u0103 afle adev\u0103rul despre culisele scrutinului de anul trecut<\/p>\n<p>Opozi\u021bia sus\u021bine c\u0103 t\u0103cerea pre\u0219edintelui este nejustificat\u0103 \u0219i c\u0103 rom\u00e2nii au dreptul s\u0103 afle adev\u0103rul despre culisele scrutinului de anul trecut. Aceast\u0103 am\u00e2nare prelungit\u0103 este interpretat\u0103 de adversarii politici drept o \u00eencercare de a ascunde nereguli care ar putea pune sub semnul \u00eentreb\u0103rii legitimitatea actualei administra\u021bii de la Palatul Cotroceni.<\/p>\n<p>Situa\u021bia politic\u0103 din Rom\u00e2nia atinge un punct critic, odat\u0103 cu demararea oficial\u0103 a procedurii de suspendare a pre\u0219edintelui Nicu\u0219or Dan. P\u00e2n\u0103 \u00een prezent, au fost colectate peste 120 de semn\u0103turi din cele 155 necesare pentru a declan\u0219a oficial demersul \u00een Parlament.<\/p>\n<p>AUR \u00eel acuz\u0103 pe pre\u0219edinte de atacuri publice repetate la adresa justi\u021biei, a magistra\u021bilor \u0219i a conducerii CSM<\/p>\n<p>Partidul AUR \u00eel acuz\u0103 pe pre\u0219edinte de atacuri publice repetate la adresa justi\u021biei, a magistra\u021bilor \u0219i a conducerii CSM. Aceste ac\u021biuni sunt considerate o \u00eenc\u0103lcare a principiului separa\u021biei puterilor \u00een stat \u0219i o form\u0103 de presiune asupra sistemului judiciar.<\/p>\n<p>Partidele de opozi\u021bie continu\u0103 negocierile, av\u00e2nd ca obiectiv str\u00e2ngerea tuturor semn\u0103turilor necesare p\u00e2n\u0103 la finalul lunii februarie. Dac\u0103 pragul va fi atins, suspendarea va fi inclus\u0103 pe agenda Parlamentului, gener\u00e2nd o criz\u0103 politic\u0103 major\u0103.<\/p>\n<p>Pre\u0219edintele este criticat \u0219i pentru o nou\u0103 am\u00e2nare a raportului privind anularea alegerilor din 2024. De\u0219i ini\u021bial a promis prezentarea acestuia \u00een luna ianuarie, Nicu\u0219or Dan a anun\u021bat recent c\u0103 documentul va fi f\u0103cut public abia peste dou\u0103 sau trei luni.<\/p>","protected":false},"excerpt":{"rendered":"<p>Pre\u0219edintele Nicu\u0219or Dan se afl\u0103 \u00een centrul unui scandal politic major, dup\u0103 ce opozi\u021bia a&hellip;<\/p>\n","protected":false},"author":0,"featured_media":54337,"comment_status":"open","ping_status":"open","sticky":false,"template":"","format":"standard","meta":{"footnotes":""},"categories":[2],"tags":[],"class_list":["post-54349","post","type-post","status-publish","format-standard","has-post-thumbnail","hentry","category-actual"],"_links":{"self":[{"href":"https:\/\/247stiri.ro\/index.php\/wp-json\/wp\/v2\/posts\/54349","targetHints":{"allow":["GET"]}}],"collection":[{"href":"https:\/\/247stiri.ro\/index.php\/wp-json\/wp\/v2\/posts"}],"about":[{"href":"https:\/\/247stiri.ro\/index.php\/wp-json\/wp\/v2\/types\/post"}],"replies":[{"embeddable":true,"href":"https:\/\/247stiri.ro\/index.php\/wp-json\/wp\/v2\/comments?post=54349"}],"version-history":[{"count":0,"href":"https:\/\/247stiri.ro\/index.php\/wp-json\/wp\/v2\/posts\/54349\/revisions"}],"wp:featuredmedia":[{"embeddable":true,"href":"https:\/\/247stiri.ro\/index.php\/wp-json\/wp\/v2\/media\/54337"}],"wp:attachment":[{"href":"https:\/\/247stiri.ro\/index.php\/wp-json\/wp\/v2\/media?parent=54349"}],"wp:term":[{"taxonomy":"category","embeddable":true,"href":"https:\/\/247stiri.ro\/index.php\/wp-json\/wp\/v2\/categories?post=54349"},{"taxonomy":"post_tag","embeddable":true,"href":"https:\/\/247stiri.ro\/index.php\/wp-json\/wp\/v2\/tags?post=54349"}],"curies":[{"name":"wp","href":"https:\/\/api.w.org\/{rel}","templated":true}]}}