{"id":54352,"date":"2025-12-27T19:44:56","date_gmt":"2025-12-27T19:44:56","guid":{"rendered":"https:\/\/247stiri.ro\/index.php\/2025\/12\/27\/doi-frati-din-judetul-vaslui-si-au-pierdut-viata-in-apele-inghetate-ale-barajului-tacuta-in-timp-ce-mergeau-cu-colindul\/"},"modified":"2025-12-27T19:44:56","modified_gmt":"2025-12-27T19:44:56","slug":"doi-frati-din-judetul-vaslui-si-au-pierdut-viata-in-apele-inghetate-ale-barajului-tacuta-in-timp-ce-mergeau-cu-colindul","status":"publish","type":"post","link":"https:\/\/247stiri.ro\/index.php\/2025\/12\/27\/doi-frati-din-judetul-vaslui-si-au-pierdut-viata-in-apele-inghetate-ale-barajului-tacuta-in-timp-ce-mergeau-cu-colindul\/","title":{"rendered":"Doi fra\u021bi din jude\u021bul Vaslui \u0219i-au pierdut via\u021ba \u00een apele \u00eenghe\u021bate ale barajului T\u0103cuta \u00een timp ce mergeau cu colindul"},"content":{"rendered":"<p>O zi de s\u0103rb\u0103toare s-a transformat \u00eentr-o tragedie s\u00e2mb\u0103t\u0103 sear\u0103 \u00een jude\u021bul Vaslui, unde doi copii \u0219i-au pierdut via\u021ba dup\u0103 ce s-au pr\u0103bu\u0219it \u00een apele \u00eenghe\u021bate ale acumul\u0103rii T\u0103cuta. Victimele, un b\u0103iat de 12 ani \u0219i o fat\u0103 de 14 ani, cel mai probabil fra\u021bi, f\u0103ceau parte dintr-un grup de colind\u0103tori care au \u00eencercat s\u0103 scurteze drumul travers\u00e2nd lacul direct pe ghea\u021b\u0103.<\/p>\n<p>Din nefericire, stratul de ghea\u021b\u0103 a cedat sub greutatea lor, iar copiii au disp\u0103rut \u00een ap\u0103. Alarma a fost dat\u0103 la num\u0103rul de urgen\u021b\u0103 112 \u00een jurul orei 17:35, moment \u00een care autorit\u0103\u021bile au declan\u0219at o ampl\u0103 opera\u021biune de c\u0103utare \u0219i salvare. La fa\u021ba locului a intervenit Deta\u0219amentul Vaslui cu o autospecial\u0103 de c\u0103utare-salvare, o barc\u0103 pneumatic\u0103, echipaje de Terapie Intensiv\u0103 Mobil\u0103 (TIM) \u0219i de Prim Ajutor (EPA), mobiliz\u00e2nd un efectiv de zece militari.<\/p>\n<p>\u00cen ciuda eforturilor depuse de echipele de interven\u021bie, cei doi adolescen\u021bi au fost sco\u0219i din ap\u0103 f\u0103r\u0103 suflare. Reprezentan\u021bii Inspectoratului pentru Situa\u021bii de Urgen\u021b\u0103 Vaslui au confirmat s\u00e2mb\u0103t\u0103 sear\u0103 decesul ambelor victime, pun\u00e2nd astfel cap\u0103t speran\u021belor de salvare.<\/p>","protected":false},"excerpt":{"rendered":"<p>O zi de s\u0103rb\u0103toare s-a transformat \u00eentr-o tragedie s\u00e2mb\u0103t\u0103 sear\u0103 \u00een jude\u021bul Vaslui, unde doi&hellip;<\/p>\n","protected":false},"author":0,"featured_media":54353,"comment_status":"open","ping_status":"open","sticky":false,"template":"","format":"standard","meta":{"footnotes":""},"categories":[2],"tags":[],"class_list":["post-54352","post","type-post","status-publish","format-standard","has-post-thumbnail","hentry","category-actual"],"_links":{"self":[{"href":"https:\/\/247stiri.ro\/index.php\/wp-json\/wp\/v2\/posts\/54352","targetHints":{"allow":["GET"]}}],"collection":[{"href":"https:\/\/247stiri.ro\/index.php\/wp-json\/wp\/v2\/posts"}],"about":[{"href":"https:\/\/247stiri.ro\/index.php\/wp-json\/wp\/v2\/types\/post"}],"replies":[{"embeddable":true,"href":"https:\/\/247stiri.ro\/index.php\/wp-json\/wp\/v2\/comments?post=54352"}],"version-history":[{"count":0,"href":"https:\/\/247stiri.ro\/index.php\/wp-json\/wp\/v2\/posts\/54352\/revisions"}],"wp:featuredmedia":[{"embeddable":true,"href":"https:\/\/247stiri.ro\/index.php\/wp-json\/wp\/v2\/media\/54353"}],"wp:attachment":[{"href":"https:\/\/247stiri.ro\/index.php\/wp-json\/wp\/v2\/media?parent=54352"}],"wp:term":[{"taxonomy":"category","embeddable":true,"href":"https:\/\/247stiri.ro\/index.php\/wp-json\/wp\/v2\/categories?post=54352"},{"taxonomy":"post_tag","embeddable":true,"href":"https:\/\/247stiri.ro\/index.php\/wp-json\/wp\/v2\/tags?post=54352"}],"curies":[{"name":"wp","href":"https:\/\/api.w.org\/{rel}","templated":true}]}}