{"id":54354,"date":"2025-12-27T19:44:57","date_gmt":"2025-12-27T19:44:57","guid":{"rendered":"https:\/\/247stiri.ro\/index.php\/2025\/12\/27\/mirabela-gradinaru-a-dezvaluit-cum-i-s-a-schimbat-viata-de-cand-nicusor-dan-e-presedinte-video\/"},"modified":"2025-12-27T19:44:57","modified_gmt":"2025-12-27T19:44:57","slug":"mirabela-gradinaru-a-dezvaluit-cum-i-s-a-schimbat-viata-de-cand-nicusor-dan-e-presedinte-video","status":"publish","type":"post","link":"https:\/\/247stiri.ro\/index.php\/2025\/12\/27\/mirabela-gradinaru-a-dezvaluit-cum-i-s-a-schimbat-viata-de-cand-nicusor-dan-e-presedinte-video\/","title":{"rendered":"Mirabela Gr\u0103dinaru a dezv\u0103luit cum i s-a schimbat via\u021ba de c\u00e2nd Nicu\u0219or Dan e pre\u0219edinte | VIDEO"},"content":{"rendered":"<p>Mirabela Gr\u0103dinaru a oferit detalii despre modul \u00een care familia sa \u00ee\u0219i p\u0103streaz\u0103 echilibrul \u0219i discre\u021bia, \u00een ciuda expunerii publice majore aduse de func\u021bia de pre\u0219edinte a lui Nicu\u0219or Dan.<\/p>\n<p>Aceasta a subliniat c\u0103 reu\u0219e\u0219te s\u0103 duc\u0103 o via\u021b\u0103 normal\u0103, p\u0103str\u00e2ndu-\u0219i acela\u0219i loc de munc\u0103 \u0219i asigur\u00e2ndu-se c\u0103 cei doi copii frecventeaz\u0103 \u00een continuare aceea\u0219i gr\u0103dini\u021b\u0103 \u0219i \u0219coal\u0103 ca \u00eenainte de alegeri.<\/p>\n<p>\u00cen cadrul acelora\u0219i dezv\u0103luiri, partenera pre\u0219edintelui a rememorat \u00eenceputurile rela\u021biei lor, povestind cum l-a cunoscut pe Nicu\u0219or Dan \u00een urm\u0103 cu dou\u0103 decenii.<\/p>\n<p>De\u0219i via\u021ba lor s-a mutat \u00een centrul aten\u021biei \u00eentregii \u021b\u0103ri, Mirabela Gr\u0103dinaru puncteaz\u0103 faptul c\u0103 familia a ales s\u0103 nu \u00ee\u0219i schimbe obiceiurile \u0219i rutina zilnic\u0103 odat\u0103 cu noul statut oficial.<\/p>\n<p>\u00a0<\/p>","protected":false},"excerpt":{"rendered":"<p>Mirabela Gr\u0103dinaru a oferit detalii despre modul \u00een care familia sa \u00ee\u0219i p\u0103streaz\u0103 echilibrul \u0219i&hellip;<\/p>\n","protected":false},"author":0,"featured_media":54343,"comment_status":"open","ping_status":"open","sticky":false,"template":"","format":"standard","meta":{"footnotes":""},"categories":[2],"tags":[],"class_list":["post-54354","post","type-post","status-publish","format-standard","has-post-thumbnail","hentry","category-actual"],"_links":{"self":[{"href":"https:\/\/247stiri.ro\/index.php\/wp-json\/wp\/v2\/posts\/54354","targetHints":{"allow":["GET"]}}],"collection":[{"href":"https:\/\/247stiri.ro\/index.php\/wp-json\/wp\/v2\/posts"}],"about":[{"href":"https:\/\/247stiri.ro\/index.php\/wp-json\/wp\/v2\/types\/post"}],"replies":[{"embeddable":true,"href":"https:\/\/247stiri.ro\/index.php\/wp-json\/wp\/v2\/comments?post=54354"}],"version-history":[{"count":0,"href":"https:\/\/247stiri.ro\/index.php\/wp-json\/wp\/v2\/posts\/54354\/revisions"}],"wp:featuredmedia":[{"embeddable":true,"href":"https:\/\/247stiri.ro\/index.php\/wp-json\/wp\/v2\/media\/54343"}],"wp:attachment":[{"href":"https:\/\/247stiri.ro\/index.php\/wp-json\/wp\/v2\/media?parent=54354"}],"wp:term":[{"taxonomy":"category","embeddable":true,"href":"https:\/\/247stiri.ro\/index.php\/wp-json\/wp\/v2\/categories?post=54354"},{"taxonomy":"post_tag","embeddable":true,"href":"https:\/\/247stiri.ro\/index.php\/wp-json\/wp\/v2\/tags?post=54354"}],"curies":[{"name":"wp","href":"https:\/\/api.w.org\/{rel}","templated":true}]}}