{"id":54360,"date":"2025-12-27T20:44:54","date_gmt":"2025-12-27T20:44:54","guid":{"rendered":"https:\/\/247stiri.ro\/index.php\/2025\/12\/27\/misiune-umanitara-de-urgenta-doi-pacienti-cu-arsuri-grave-transferati-la-bruxelles-cu-o-aeronava-a-fortelor-aeriene-romane\/"},"modified":"2025-12-27T20:44:54","modified_gmt":"2025-12-27T20:44:54","slug":"misiune-umanitara-de-urgenta-doi-pacienti-cu-arsuri-grave-transferati-la-bruxelles-cu-o-aeronava-a-fortelor-aeriene-romane","status":"publish","type":"post","link":"https:\/\/247stiri.ro\/index.php\/2025\/12\/27\/misiune-umanitara-de-urgenta-doi-pacienti-cu-arsuri-grave-transferati-la-bruxelles-cu-o-aeronava-a-fortelor-aeriene-romane\/","title":{"rendered":"Misiune umanitar\u0103 de urgen\u021b\u0103. Doi pacien\u021bi cu arsuri grave, transfera\u021bi la Bruxelles cu o aeronav\u0103 a For\u021belor Aeriene Rom\u00e2ne"},"content":{"rendered":"<p>Misiunea umanitar\u0103 pentru salvarea celor doi pacien\u021bi cu arsuri grave s-a desf\u0103\u0219urat s\u00e2mb\u0103t\u0103 pe ruta Otopeni &#8211; Bac\u0103u &#8211; Bruxelles, conform informa\u021biilor publicate de For\u021bele Aeriene Rom\u00e2ne. Aeronava militar\u0103, care a preluat victimele din zona Moldovei, a decolat de pe aeroportul din Bac\u0103u \u00een jurul orei 17:30, \u00eendrept\u00e2ndu-se spre capitala Belgiei.<\/p>\n<p>Pe parcursul \u00eentregului zbor, starea pacien\u021bilor a fost monitorizat\u0103 permanent de o echip\u0103 medical\u0103 de elit\u0103. Potrivit Biroului de pres\u0103 al Ministerului Ap\u0103r\u0103rii Na\u021bionale, speciali\u0219tii care au asigurat asisten\u021ba de urgen\u021b\u0103 la bord provin din cadrul For\u021belor Aeriene Rom\u00e2ne \u0219i de la Spitalul Clinic de Urgen\u021b\u0103 Bucure\u0219ti (Floreasca). Aceast\u0103 colaborare interinstitu\u021bional\u0103 a permis transportul victimelor \u00een condi\u021bii de siguran\u021b\u0103 c\u0103tre un centru de tratament de specialitate din Bruxelles.<\/p>","protected":false},"excerpt":{"rendered":"<p>Misiunea umanitar\u0103 pentru salvarea celor doi pacien\u021bi cu arsuri grave s-a desf\u0103\u0219urat s\u00e2mb\u0103t\u0103 pe ruta&hellip;<\/p>\n","protected":false},"author":0,"featured_media":54361,"comment_status":"open","ping_status":"open","sticky":false,"template":"","format":"standard","meta":{"footnotes":""},"categories":[2],"tags":[],"class_list":["post-54360","post","type-post","status-publish","format-standard","has-post-thumbnail","hentry","category-actual"],"_links":{"self":[{"href":"https:\/\/247stiri.ro\/index.php\/wp-json\/wp\/v2\/posts\/54360","targetHints":{"allow":["GET"]}}],"collection":[{"href":"https:\/\/247stiri.ro\/index.php\/wp-json\/wp\/v2\/posts"}],"about":[{"href":"https:\/\/247stiri.ro\/index.php\/wp-json\/wp\/v2\/types\/post"}],"replies":[{"embeddable":true,"href":"https:\/\/247stiri.ro\/index.php\/wp-json\/wp\/v2\/comments?post=54360"}],"version-history":[{"count":0,"href":"https:\/\/247stiri.ro\/index.php\/wp-json\/wp\/v2\/posts\/54360\/revisions"}],"wp:featuredmedia":[{"embeddable":true,"href":"https:\/\/247stiri.ro\/index.php\/wp-json\/wp\/v2\/media\/54361"}],"wp:attachment":[{"href":"https:\/\/247stiri.ro\/index.php\/wp-json\/wp\/v2\/media?parent=54360"}],"wp:term":[{"taxonomy":"category","embeddable":true,"href":"https:\/\/247stiri.ro\/index.php\/wp-json\/wp\/v2\/categories?post=54360"},{"taxonomy":"post_tag","embeddable":true,"href":"https:\/\/247stiri.ro\/index.php\/wp-json\/wp\/v2\/tags?post=54360"}],"curies":[{"name":"wp","href":"https:\/\/api.w.org\/{rel}","templated":true}]}}