{"id":54366,"date":"2025-12-27T22:50:21","date_gmt":"2025-12-27T22:50:21","guid":{"rendered":"https:\/\/247stiri.ro\/index.php\/2025\/12\/27\/misiune-incheiata-la-spital-accident-grav-intre-o-masina-de-politie-si-un-vehicul-civil-in-constanta\/"},"modified":"2025-12-27T22:50:21","modified_gmt":"2025-12-27T22:50:21","slug":"misiune-incheiata-la-spital-accident-grav-intre-o-masina-de-politie-si-un-vehicul-civil-in-constanta","status":"publish","type":"post","link":"https:\/\/247stiri.ro\/index.php\/2025\/12\/27\/misiune-incheiata-la-spital-accident-grav-intre-o-masina-de-politie-si-un-vehicul-civil-in-constanta\/","title":{"rendered":"Misiune \u00eencheiat\u0103 la spital: Accident grav \u00eentre o ma\u0219in\u0103 de poli\u021bie \u0219i un vehicul civil \u00een Constan\u021ba"},"content":{"rendered":"<p>Un accident rutier a avut loc s\u00e2mb\u0103t\u0103 sear\u0103, \u00een jurul orei 21:00, la intersec\u021bia str\u0103zilor Ovidiu \u0219i Rom\u00e2n\u0103 din municipiul Medgidia, fiind implicate o autospecial\u0103 de poli\u021bie \u0219i un autoturism condus de un t\u00e2n\u0103r de 23 de ani. Potrivit Inspectoratului de Poli\u021bie al Jude\u021bului Constan\u021ba, vehiculul Ministerului Afacerilor Interne se afla \u00een misiune \u0219i se deplasa \u00een regim prioritar, av\u00e2nd \u00een func\u021biune at\u00e2t semnalele acustice, c\u00e2t \u0219i pe cele luminoase.<\/p>\n<p>\u00cen urma impactului, cei doi poli\u021bi\u0219ti afla\u021bi \u00een autospecial\u0103 \u0219i cel\u0103lalt conduc\u0103tor auto au suferit v\u0103t\u0103m\u0103ri corporale u\u0219oare, fiind transporta\u021bi la spital pentru \u00eengrijiri medicale. Reprezentan\u021bii IPJ au precizat c\u0103 ambii \u0219oferi au fost testa\u021bi cu aparatul etilotest, rezultatele fiind negative \u00een ambele cazuri. \u00cen prezent, poli\u021bi\u0219tii continu\u0103 cercet\u0103rile pentru a stabili cu exactitate cauzele \u0219i \u00eemprejur\u0103rile care au dus la producerea coliziunii.<\/p>","protected":false},"excerpt":{"rendered":"<p>Un accident rutier a avut loc s\u00e2mb\u0103t\u0103 sear\u0103, \u00een jurul orei 21:00, la intersec\u021bia str\u0103zilor&hellip;<\/p>\n","protected":false},"author":0,"featured_media":54367,"comment_status":"open","ping_status":"open","sticky":false,"template":"","format":"standard","meta":{"footnotes":""},"categories":[2],"tags":[],"class_list":["post-54366","post","type-post","status-publish","format-standard","has-post-thumbnail","hentry","category-actual"],"_links":{"self":[{"href":"https:\/\/247stiri.ro\/index.php\/wp-json\/wp\/v2\/posts\/54366","targetHints":{"allow":["GET"]}}],"collection":[{"href":"https:\/\/247stiri.ro\/index.php\/wp-json\/wp\/v2\/posts"}],"about":[{"href":"https:\/\/247stiri.ro\/index.php\/wp-json\/wp\/v2\/types\/post"}],"replies":[{"embeddable":true,"href":"https:\/\/247stiri.ro\/index.php\/wp-json\/wp\/v2\/comments?post=54366"}],"version-history":[{"count":0,"href":"https:\/\/247stiri.ro\/index.php\/wp-json\/wp\/v2\/posts\/54366\/revisions"}],"wp:featuredmedia":[{"embeddable":true,"href":"https:\/\/247stiri.ro\/index.php\/wp-json\/wp\/v2\/media\/54367"}],"wp:attachment":[{"href":"https:\/\/247stiri.ro\/index.php\/wp-json\/wp\/v2\/media?parent=54366"}],"wp:term":[{"taxonomy":"category","embeddable":true,"href":"https:\/\/247stiri.ro\/index.php\/wp-json\/wp\/v2\/categories?post=54366"},{"taxonomy":"post_tag","embeddable":true,"href":"https:\/\/247stiri.ro\/index.php\/wp-json\/wp\/v2\/tags?post=54366"}],"curies":[{"name":"wp","href":"https:\/\/api.w.org\/{rel}","templated":true}]}}