{"id":54368,"date":"2025-12-27T22:50:23","date_gmt":"2025-12-27T22:50:23","guid":{"rendered":"https:\/\/247stiri.ro\/index.php\/2025\/12\/27\/cursa-contra-cronometru-pentru-pensiile-speciale-de-ce-legea-risca-sa-devina-nula-dupa-1-ianuarie-avertismentul-unui-fost-judecator-csm\/"},"modified":"2025-12-27T22:50:23","modified_gmt":"2025-12-27T22:50:23","slug":"cursa-contra-cronometru-pentru-pensiile-speciale-de-ce-legea-risca-sa-devina-nula-dupa-1-ianuarie-avertismentul-unui-fost-judecator-csm","status":"publish","type":"post","link":"https:\/\/247stiri.ro\/index.php\/2025\/12\/27\/cursa-contra-cronometru-pentru-pensiile-speciale-de-ce-legea-risca-sa-devina-nula-dupa-1-ianuarie-avertismentul-unui-fost-judecator-csm\/","title":{"rendered":"Curs\u0103 contra cronometru pentru pensiile speciale. De ce legea risc\u0103 s\u0103 devin\u0103 nul\u0103 dup\u0103 1 ianuarie. Avertismentul unui fost judec\u0103tor CSM"},"content":{"rendered":"<p>Soarta reformei pensiilor speciale se afl\u0103 \u00eentr-un moment critic, fiind condi\u021bionat\u0103 nu doar de decizia pe care Curtea Constitu\u021bional\u0103 a Rom\u00e2niei o va pronun\u021ba duminic\u0103, 28 decembrie, ci \u0219i de o curs\u0103 contracronometru pentru publicarea documentului \u00een Monitorul Oficial.<\/p>\n<p>Avocatul Adrian Toni Neac\u0219u avertizeaz\u0103 c\u0103 legea asumat\u0103 de Guvernul Bolojan trebuie s\u0103 intre \u00een vigoare obligatoriu la 1 ianuarie 2026 pentru a-\u0219i produce efectele, deoarece toate e\u0219alon\u0103rile \u0219i termenele prev\u0103zute \u00een textul normativ sunt legate strict de aceast\u0103 dat\u0103.<\/p>\n<p>Conform analizei tehnice realizate de specialistul \u00een drept, calendarul de implementare este aproape imposibil de respectat din punct de vedere procedural. Constitu\u021bia prevede c\u0103 o lege intr\u0103 \u00een vigoare la trei zile de la publicare, ceea ce \u00eenseamn\u0103 c\u0103 termenul limit\u0103 pentru apari\u021bia \u00een Monitorul Oficial este luni, 29 decembrie, \u00eenainte de miezul nop\u021bii.<\/p>\n<p>Pentru ca acest lucru s\u0103 fie realizabil, este necesar\u0103 \u00eendeplinirea unei serii de condi\u021bii simultane: CCR trebuie s\u0103 resping\u0103 sesizarea \u00cenaltei Cur\u021bi \u00een cursul zilei de duminic\u0103, s\u0103 redacteze motivarea p\u00e2n\u0103 luni, iar pre\u0219edintele Nicu\u0219or Dan s\u0103 promulge legea imediat, \u00een prima zi din cele zece pe care le are la dispozi\u021bie.<\/p>\n<p>Miza acestui demers este major\u0103, deoarece premierul Ilie Bolojan \u0219i-a legat mandatul de reu\u0219ita acestei reforme, \u00een timp ce opozi\u021bia a reac\u021bionat deja prin depunerea unei mo\u021biuni de cenzur\u0103. \u00cen plus, \u00eent\u00e2rzierea adopt\u0103rii acestei legi pune \u00een pericol accesarea a 231 de milioane de euro din fondurile PNRR.<\/p>\n<p>Avocatul Toni Neac\u0219u subliniaz\u0103 c\u0103, de\u0219i matematic mai exist\u0103 o fereastr\u0103 de timp, precedentul legislativ indic\u0103 un risc ridicat ca legea s\u0103 fie retrimis\u0103 \u00een Parlament dac\u0103 termenele de intrare \u00een vigoare nu pot fi respectate riguros.<\/p>\n<p>\u00a0<\/p>","protected":false},"excerpt":{"rendered":"<p>Soarta reformei pensiilor speciale se afl\u0103 \u00eentr-un moment critic, fiind condi\u021bionat\u0103 nu doar de decizia&hellip;<\/p>\n","protected":false},"author":0,"featured_media":54358,"comment_status":"open","ping_status":"open","sticky":false,"template":"","format":"standard","meta":{"footnotes":""},"categories":[2],"tags":[],"class_list":["post-54368","post","type-post","status-publish","format-standard","has-post-thumbnail","hentry","category-actual"],"_links":{"self":[{"href":"https:\/\/247stiri.ro\/index.php\/wp-json\/wp\/v2\/posts\/54368","targetHints":{"allow":["GET"]}}],"collection":[{"href":"https:\/\/247stiri.ro\/index.php\/wp-json\/wp\/v2\/posts"}],"about":[{"href":"https:\/\/247stiri.ro\/index.php\/wp-json\/wp\/v2\/types\/post"}],"replies":[{"embeddable":true,"href":"https:\/\/247stiri.ro\/index.php\/wp-json\/wp\/v2\/comments?post=54368"}],"version-history":[{"count":0,"href":"https:\/\/247stiri.ro\/index.php\/wp-json\/wp\/v2\/posts\/54368\/revisions"}],"wp:featuredmedia":[{"embeddable":true,"href":"https:\/\/247stiri.ro\/index.php\/wp-json\/wp\/v2\/media\/54358"}],"wp:attachment":[{"href":"https:\/\/247stiri.ro\/index.php\/wp-json\/wp\/v2\/media?parent=54368"}],"wp:term":[{"taxonomy":"category","embeddable":true,"href":"https:\/\/247stiri.ro\/index.php\/wp-json\/wp\/v2\/categories?post=54368"},{"taxonomy":"post_tag","embeddable":true,"href":"https:\/\/247stiri.ro\/index.php\/wp-json\/wp\/v2\/tags?post=54368"}],"curies":[{"name":"wp","href":"https:\/\/api.w.org\/{rel}","templated":true}]}}