{"id":5441,"date":"2024-11-07T13:10:51","date_gmt":"2024-11-07T13:10:51","guid":{"rendered":"https:\/\/247stiri.ro\/index.php\/2024\/11\/07\/prima-reactie-a-vaticanului-dupa-victoria-lui-donald-trump-este-mentionata-si-ucraina-cred-ca-nici-el-nu-are-o-bagheta-magica\/"},"modified":"2024-11-07T13:10:51","modified_gmt":"2024-11-07T13:10:51","slug":"prima-reactie-a-vaticanului-dupa-victoria-lui-donald-trump-este-mentionata-si-ucraina-cred-ca-nici-el-nu-are-o-bagheta-magica","status":"publish","type":"post","link":"https:\/\/247stiri.ro\/index.php\/2024\/11\/07\/prima-reactie-a-vaticanului-dupa-victoria-lui-donald-trump-este-mentionata-si-ucraina-cred-ca-nici-el-nu-are-o-bagheta-magica\/","title":{"rendered":"Prima reac\u021bie a Vaticanului dup\u0103 victoria lui Donald Trump. Este men\u021bionat\u0103 \u0219i Ucraina: &#8222;Cred c\u0103 nici el nu are o baghet\u0103 magic\u0103&#8221;"},"content":{"rendered":"<p>&#8222;\u00cei dorim mult\u0103 \u00een\u0163elepciune deoarece aceasta este principala virtute a liderilor, conform Bibliei&#8221;, a declarat Pietro Parolin \u00een marja unei conferin\u0163e organizate la Roma.<\/p>\n<p><a href=\"https:\/\/www.realitatea.net\/stiri\/actual\/cine-va-face-parte-din-noul-cabinet-donald-trump-nume-grele-ca-elon-musk-si-robert-f-kennedy-jr-vehiculate-in-presa-de-peste-ocean_672bda32db8fcc7ca70cb4f2\" target=\"_blank\" rel=\"noopener\">Cine va face parte din noul cabinet Donald Trump. Nume grele ca Elon Musk \u0219i Robert F. Kennedy Jr, vehiculate \u00een presa de peste ocean<\/a><\/p>\n<p>\u00centrebat \u00een leg\u0103tur\u0103 cu promisiunea lui Donald Trump de a pune cap\u0103t <a href=\"https:\/\/www.realitatea.net\/stiri\/actual\/razboi-in-ucraina-ziua-988-volodimir-zelenski-prima-convorbire-telefonica-cu-donald-trump-dupa-victoria-in-alegeri-mesajul-transmis-live-text_672c4fffee492a4a066c2bb5\" target=\"_blank\" rel=\"noopener\">r\u0103zboiului din Ucraina<\/a> &#8222;\u00een 24 de ore&#8221;, cardinalul a r\u0103spuns: &#8222;S\u0103 sper\u0103m, s\u0103 sper\u0103m. Cred c\u0103 nici el nu are o baghet\u0103 magic\u0103: pentru a pune cap\u0103t r\u0103zboiului este nevoie de mult\u0103 umilin\u0163\u0103 \u015fi disponibilitate, trebuie urm\u0103rite realmente interesele generale ale omenirii, mai degrab\u0103 dec\u00e2t interese particulare&#8221;.<\/p>\n<p>&#8222;Sper\u0103m c\u0103 va putea fi \u00eentr-adev\u0103r un element de detensionare \u015fi pacificare \u00een conflictele actuale care sf\u00e2\u015fie lumea&#8221;, a ad\u0103ugat cardinalul.<\/p>\n<p><a href=\"https:\/\/www.realitatea.net\/stiri\/actual\/vladimir-putin-nu-are-de-gand-sal-felicite-pe-donald-trump-calitatea-presedintelui-american-ales-utila-kremlinului_672c683e82d0811d53633fd2#google_vignette\" target=\"_blank\" rel=\"noopener\">Vladimir Putin nu are de g\u00e2nd s\u0103-l felicite pe Donald Trump. Calitatea pre\u0219edintelui american ales util\u0103 Kremlinului<\/a><\/p>\n<p>Cardinalul Pietro Parolin i-a urat totodat\u0103 lui Donald Trump s\u0103 fie &#8222;pre\u015fedintele \u00eentregii \u0163\u0103ri&#8221; pentru a &#8222;dep\u0103\u015fi polarizarea&#8221; din societatea american\u0103.<\/p>\n<p>Este prima reac\u0163ie diplomatic\u0103 a Sf\u00e2ntului Scaun la victoria clar\u0103 a candidatului republican \u00een cursa pentru Casa Alb\u0103 \u00eempotriva democratei Kamala Harris. Papa Francisc \u00eenc\u0103 nu a reac\u0163ionat.<\/p>","protected":false},"excerpt":{"rendered":"<p>&#8222;\u00cei dorim mult\u0103 \u00een\u0163elepciune deoarece aceasta este principala virtute a liderilor, conform Bibliei&#8221;, a declarat&hellip;<\/p>\n","protected":false},"author":0,"featured_media":5433,"comment_status":"open","ping_status":"open","sticky":false,"template":"","format":"standard","meta":{"footnotes":""},"categories":[2],"tags":[],"class_list":["post-5441","post","type-post","status-publish","format-standard","has-post-thumbnail","hentry","category-actual"],"_links":{"self":[{"href":"https:\/\/247stiri.ro\/index.php\/wp-json\/wp\/v2\/posts\/5441","targetHints":{"allow":["GET"]}}],"collection":[{"href":"https:\/\/247stiri.ro\/index.php\/wp-json\/wp\/v2\/posts"}],"about":[{"href":"https:\/\/247stiri.ro\/index.php\/wp-json\/wp\/v2\/types\/post"}],"replies":[{"embeddable":true,"href":"https:\/\/247stiri.ro\/index.php\/wp-json\/wp\/v2\/comments?post=5441"}],"version-history":[{"count":0,"href":"https:\/\/247stiri.ro\/index.php\/wp-json\/wp\/v2\/posts\/5441\/revisions"}],"wp:featuredmedia":[{"embeddable":true,"href":"https:\/\/247stiri.ro\/index.php\/wp-json\/wp\/v2\/media\/5433"}],"wp:attachment":[{"href":"https:\/\/247stiri.ro\/index.php\/wp-json\/wp\/v2\/media?parent=5441"}],"wp:term":[{"taxonomy":"category","embeddable":true,"href":"https:\/\/247stiri.ro\/index.php\/wp-json\/wp\/v2\/categories?post=5441"},{"taxonomy":"post_tag","embeddable":true,"href":"https:\/\/247stiri.ro\/index.php\/wp-json\/wp\/v2\/tags?post=5441"}],"curies":[{"name":"wp","href":"https:\/\/api.w.org\/{rel}","templated":true}]}}